{"id":15877,"date":"2025-07-23T12:10:33","date_gmt":"2025-07-23T10:10:33","guid":{"rendered":"https:\/\/elcafedepipa.com\/?p=15877"},"modified":"2025-07-23T12:10:34","modified_gmt":"2025-07-23T10:10:34","slug":"el-pspv-psoe-celebra-els-dos-anys-de-legislatura-que-blinden-una-espanya-plural-social-i-productiva-davant-una-dreta-que-nomes-ofereix-crispacio-i-retallades","status":"publish","type":"post","link":"https:\/\/elcafedepipa.com\/index.php\/2025\/07\/23\/el-pspv-psoe-celebra-els-dos-anys-de-legislatura-que-blinden-una-espanya-plural-social-i-productiva-davant-una-dreta-que-nomes-ofereix-crispacio-i-retallades\/","title":{"rendered":"El PSPV-PSOE celebra els dos anys de legislatura \u201cque blinden una Espanya plural, social i productiva\u201d davant una dreta que nom\u00e9s ofereix crispaci\u00f3 i retallades"},"content":{"rendered":"\n<p><br><strong>Antonia Garc\u00eda, presidenta de l&#8217;executiva provincial del PSPV destaca que Castell\u00f3 \u00e9s una de les grans beneficiades del model socialista, amb inversions hist\u00f2riques en infraestructures, pensions dignes i una pol\u00edtica que refor\u00e7a la just\u00edcia social i la cohesi\u00f3 territorial<\/strong><br><br>Hui dimecres, 23 de juliol, es compleixen dos anys de les eleccions generals que van frenar l\u2019assalt de la dreta m\u00e9s reaccion\u00e0ria i van revalidar la confian\u00e7a en Pedro S\u00e1nchez com a president del Govern. Per al PSPV-PSOE de la prov\u00edncia de Castell\u00f3, aquest aniversari simbolitza la consolidaci\u00f3 de set anys de govern progressista \u201cque han marcat un abans i un despr\u00e9s en la manera de fer pol\u00edtica al nostre pa\u00eds\u201d, ha reivindicat la presidenta de l\u2019Executiva Provincial, Antonia Garc\u00eda.<br><br>Garc\u00eda ha assegurat que aquests set anys han deixat enrere \u201cles retallades, la resignaci\u00f3 i el maltractament a les classes treballadores i mitjanes que va perpetrar el PP amb l\u2019austericidi\u201d i ha demostrat \u201cque es pot governar d\u2019una altra manera, protegint les persones, ampliant drets i afrontant els grans reptes amb responsabilitat, valentia i di\u00e0leg\u201d. En aquest sentit, ha afirmat que \u201cla majoria social viu millor que amb els governs de la dreta\u201d.<br><br>\u201cAmb el govern de Pedro S\u00e1nchez, aquesta legislatura Espanya avan\u00e7a com mai abans en just\u00edcia social, pujant salaris i ampliant la pres\u00e8ncia de les dones en llocs de responsabilitat; en cohesi\u00f3 territorial, afrontant el conflicte catal\u00e0 amb di\u00e0leg i dotant les autonomies de m\u00e9s recursos; i en lideratge internacional, amb una pol\u00edtica exterior ferma, valenta i compromesa amb els drets humans\u201d, ha subratllat. \u201cEstem blindant una Espanya plural, social i productiva davant una dreta que nom\u00e9s ofereix crispaci\u00f3 i retallades\u201d.<br><br>La dirigent socialista tamb\u00e9 ha reivindicat que \u201chui som l\u00edders en reducci\u00f3 de l\u2019atur, en creixement econ\u00f2mic i en creaci\u00f3 d\u2019empreses. Espanya \u00e9s un pa\u00eds en qu\u00e8 els inversors confien. I aix\u00f2, mal que els pese, ho ha aconseguit un govern d\u2019esquerres. Hem trencat amb la faula que nom\u00e9s la dreta sap gestionar l\u2019economia\u201d.<br><br><strong>Castell\u00f3, benefici\u00e0ria directa del model socialista<\/strong><\/p>\n\n\n\n<p>Els fruits del model progressista tamb\u00e9 es noten a la prov\u00edncia. \u201cCastell\u00f3 viu una etapa d\u2019inversions hist\u00f2riques en infraestructures, com l\u2019acc\u00e9s ferroviari al port o el corredor mediterrani, que ens connectaran millor amb el m\u00f3n i consolidaran la nostra posici\u00f3 com a territori competitiu\u201d, ha afirmat Garc\u00eda. Tamb\u00e9 ha posat en valor el suport a la ind\u00fastria taulellera i \u201cel refor\u00e7 del sistema de protecci\u00f3 social, amb pensions revaloritzades que garanteixen la dignitat de 135.000 pensionistes, baixes per natalitat ampliades i beques d\u2019estudi en m\u00e0xims hist\u00f2rics\u201d.<br><br>La presidenta del PSPV-PSOE ha volgut destacar, a m\u00e9s, \u201cel lideratge d\u2019Espanya en la captaci\u00f3 dels fons europeus \u2018Next Generation\u2019, que est\u00e0 impulsant centenars de projectes transformadors a tot el pa\u00eds i tamb\u00e9 a la nostra prov\u00edncia, especialment en \u00e0mbits com la transici\u00f3 ecol\u00f2gica, la innovaci\u00f3 i la transformaci\u00f3 urbana, com la Vall d\u2019Uix\u00f3 o Castell\u00f3 de la Plana\u201d.<br><br>\u201cEn nom\u00e9s dos anys de legislatura i set de govern progressista, hem demostrat que es pot fer pol\u00edtica \u00fatil, amb una Espanya m\u00e9s unida, m\u00e9s justa i m\u00e9s forta. Som el mur davant de la crispaci\u00f3 i la par\u00e0lisi, i la garantia que aquest pa\u00eds avan\u00e7a del costat de la majoria social i mirant cap al futur\u201d, ha concl\u00f2s la dirigent socialista.<\/p>\n","protected":false},"excerpt":{"rendered":"<p>Antonia Garc\u00eda, presidenta de l&#8217;executiva provincial del PSPV destaca que Castell\u00f3 \u00e9s una de les grans beneficiades del model socialista, amb inversions hist\u00f2riques en infraestructures, pensions dignes i una pol\u00edtica que refor\u00e7a la just\u00edcia social i la cohesi\u00f3 territorial Hui dimecres, 23 de juliol, es compleixen dos anys de les eleccions generals que van frenar &#8230; <a title=\"El PSPV-PSOE celebra els dos anys de legislatura \u201cque blinden una Espanya plural, social i productiva\u201d davant una dreta que nom\u00e9s ofereix crispaci\u00f3 i retallades\" class=\"read-more\" href=\"https:\/\/elcafedepipa.com\/index.php\/2025\/07\/23\/el-pspv-psoe-celebra-els-dos-anys-de-legislatura-que-blinden-una-espanya-plural-social-i-productiva-davant-una-dreta-que-nomes-ofereix-crispacio-i-retallades\/\" aria-label=\"M\u00e9s informaci\u00f3 sobre El PSPV-PSOE celebra els dos anys de legislatura \u201cque blinden una Espanya plural, social i productiva\u201d davant una dreta que nom\u00e9s ofereix crispaci\u00f3 i retallades\">Read more<\/a><\/p>\n","protected":false},"author":2,"featured_media":15878,"comment_status":"closed","ping_status":"closed","sticky":false,"template":"","format":"standard","meta":{"om_disable_all_campaigns":false,"_monsterinsights_skip_tracking":false,"_monsterinsights_sitenote_active":false,"_monsterinsights_sitenote_note":"","_monsterinsights_sitenote_category":0,"_uf_show_specific_survey":0,"_uf_disable_surveys":false,"footnotes":""},"categories":[10],"tags":[],"class_list":["post-15877","post","type-post","status-publish","format-standard","has-post-thumbnail","hentry","category-provinciadecastello"],"_links":{"self":[{"href":"https:\/\/elcafedepipa.com\/index.php\/wp-json\/wp\/v2\/posts\/15877","targetHints":{"allow":["GET"]}}],"collection":[{"href":"https:\/\/elcafedepipa.com\/index.php\/wp-json\/wp\/v2\/posts"}],"about":[{"href":"https:\/\/elcafedepipa.com\/index.php\/wp-json\/wp\/v2\/types\/post"}],"author":[{"embeddable":true,"href":"https:\/\/elcafedepipa.com\/index.php\/wp-json\/wp\/v2\/users\/2"}],"replies":[{"embeddable":true,"href":"https:\/\/elcafedepipa.com\/index.php\/wp-json\/wp\/v2\/comments?post=15877"}],"version-history":[{"count":1,"href":"https:\/\/elcafedepipa.com\/index.php\/wp-json\/wp\/v2\/posts\/15877\/revisions"}],"predecessor-version":[{"id":15879,"href":"https:\/\/elcafedepipa.com\/index.php\/wp-json\/wp\/v2\/posts\/15877\/revisions\/15879"}],"wp:featuredmedia":[{"embeddable":true,"href":"https:\/\/elcafedepipa.com\/index.php\/wp-json\/wp\/v2\/media\/15878"}],"wp:attachment":[{"href":"https:\/\/elcafedepipa.com\/index.php\/wp-json\/wp\/v2\/media?parent=15877"}],"wp:term":[{"taxonomy":"category","embeddable":true,"href":"https:\/\/elcafedepipa.com\/index.php\/wp-json\/wp\/v2\/categories?post=15877"},{"taxonomy":"post_tag","embeddable":true,"href":"https:\/\/elcafedepipa.com\/index.php\/wp-json\/wp\/v2\/tags?post=15877"}],"curies":[{"name":"wp","href":"https:\/\/api.w.org\/{rel}","templated":true}]}}