{"id":15873,"date":"2025-07-23T11:57:35","date_gmt":"2025-07-23T09:57:35","guid":{"rendered":"https:\/\/elcafedepipa.com\/?p=15873"},"modified":"2025-07-23T11:57:36","modified_gmt":"2025-07-23T09:57:36","slug":"els-populars-de-nules-denuncien-que-la-falta-de-neteja-i-conservacio-exhibix-un-estany-dramatic-que-cal-recuperar","status":"publish","type":"post","link":"https:\/\/elcafedepipa.com\/index.php\/2025\/07\/23\/els-populars-de-nules-denuncien-que-la-falta-de-neteja-i-conservacio-exhibix-un-estany-dramatic-que-cal-recuperar\/","title":{"rendered":"Els populars de Nules denuncien que &#8220;la falta de neteja i conservaci\u00f3 exhibix un estany dram\u00e0tic que cal recuperar&#8221;"},"content":{"rendered":"\n<p>El Partit Popular de Nules ha recordat que en abril passat solicitaven a l&#8217;alcalde la intervenci\u00f3 urgent a l\u2019estany  per a frenar la degradaci\u00f3 de l&#8217;entorn, i que passats tres mesos, el que era aband\u00f3 hui \u00e9s degradaci\u00f3. Diuen els populars que \u201chui l\u2019estany no sols seguix abandonat. Est\u00e0 pitjor. I ens fa mal perqu\u00e8 creiem que amb una m\u00ednima implicaci\u00f3, amb un pla de treball i una inspecci\u00f3 peri\u00f2dica, no s&#8217;arribaria a esta situaci\u00f3 que resulta dram\u00e0tica\u201d.<\/p>\n\n\n\n<p>Aix\u00ed ho ha considerat el regidor del PP a Nules, Vicente Bertomeu. El mateix regidor que fa tres mesos alertava de la degradaci\u00f3 del paratge. \u201cSom un municipi governat per una coalici\u00f3 de govern que t\u00e9 unes obligacions i unes compet\u00e8ncies. Nom\u00e9s demanem que assumisquen eixes responsabilitats que volunt\u00e0riament han decidit ocupar. Perqu\u00e8 no fer-ho resulta una absoluta irresponsabilitat que es tradu\u00efx en situacions com esta\u201d.<\/p>\n\n\n\n<p>A l\u2019estany de Nules s&#8217;acumula la brut\u00edcia en les passarel\u00b7les. Hi ha una neteja absolutament deficient i restes vegetals que s&#8217;amunteguen sense que ning\u00fa els retire. \u201cLes escombraries s&#8217;ha convertit en la protagonista que campa a pler per l&#8217;aband\u00f3 en la gesti\u00f3\u201d. \u201c\u00c9s un paratge que podria ser un orgull i una sort visitar-lo i rec\u00f3rrer-lo i fa pena\u201d, lamenta Bertomeu.<\/p>\n\n\n\n<p>En este sentit, el regidor del PP torna a fer una crida. Tendix la m\u00e0 a col\u00b7laborar \u201cen benefici del nostre poble\u201d i demana un \u201ccomprom\u00eds real amb la localitat. A tots els nivells, perqu\u00e8 Nules no mereix que la seua carta de presentaci\u00f3 siga esta\u201d, ha considerat Vicente Bertomeu.<\/p>\n\n\n\n<p><\/p>\n","protected":false},"excerpt":{"rendered":"<p>El Partit Popular de Nules ha recordat que en abril passat solicitaven a l&#8217;alcalde la intervenci\u00f3 urgent a l\u2019estany per a frenar la degradaci\u00f3 de l&#8217;entorn, i que passats tres mesos, el que era aband\u00f3 hui \u00e9s degradaci\u00f3. Diuen els populars que \u201chui l\u2019estany no sols seguix abandonat. Est\u00e0 pitjor. I ens fa mal perqu\u00e8 &#8230; <a title=\"Els populars de Nules denuncien que &#8220;la falta de neteja i conservaci\u00f3 exhibix un estany dram\u00e0tic que cal recuperar&#8221;\" class=\"read-more\" href=\"https:\/\/elcafedepipa.com\/index.php\/2025\/07\/23\/els-populars-de-nules-denuncien-que-la-falta-de-neteja-i-conservacio-exhibix-un-estany-dramatic-que-cal-recuperar\/\" aria-label=\"M\u00e9s informaci\u00f3 sobre Els populars de Nules denuncien que &#8220;la falta de neteja i conservaci\u00f3 exhibix un estany dram\u00e0tic que cal recuperar&#8221;\">Read more<\/a><\/p>\n","protected":false},"author":2,"featured_media":15875,"comment_status":"closed","ping_status":"closed","sticky":false,"template":"","format":"standard","meta":{"om_disable_all_campaigns":false,"_monsterinsights_skip_tracking":false,"_monsterinsights_sitenote_active":false,"_monsterinsights_sitenote_note":"","_monsterinsights_sitenote_category":0,"_uf_show_specific_survey":0,"_uf_disable_surveys":false,"footnotes":""},"categories":[3],"tags":[],"class_list":["post-15873","post","type-post","status-publish","format-standard","has-post-thumbnail","hentry","category-nules"],"_links":{"self":[{"href":"https:\/\/elcafedepipa.com\/index.php\/wp-json\/wp\/v2\/posts\/15873","targetHints":{"allow":["GET"]}}],"collection":[{"href":"https:\/\/elcafedepipa.com\/index.php\/wp-json\/wp\/v2\/posts"}],"about":[{"href":"https:\/\/elcafedepipa.com\/index.php\/wp-json\/wp\/v2\/types\/post"}],"author":[{"embeddable":true,"href":"https:\/\/elcafedepipa.com\/index.php\/wp-json\/wp\/v2\/users\/2"}],"replies":[{"embeddable":true,"href":"https:\/\/elcafedepipa.com\/index.php\/wp-json\/wp\/v2\/comments?post=15873"}],"version-history":[{"count":1,"href":"https:\/\/elcafedepipa.com\/index.php\/wp-json\/wp\/v2\/posts\/15873\/revisions"}],"predecessor-version":[{"id":15876,"href":"https:\/\/elcafedepipa.com\/index.php\/wp-json\/wp\/v2\/posts\/15873\/revisions\/15876"}],"wp:featuredmedia":[{"embeddable":true,"href":"https:\/\/elcafedepipa.com\/index.php\/wp-json\/wp\/v2\/media\/15875"}],"wp:attachment":[{"href":"https:\/\/elcafedepipa.com\/index.php\/wp-json\/wp\/v2\/media?parent=15873"}],"wp:term":[{"taxonomy":"category","embeddable":true,"href":"https:\/\/elcafedepipa.com\/index.php\/wp-json\/wp\/v2\/categories?post=15873"},{"taxonomy":"post_tag","embeddable":true,"href":"https:\/\/elcafedepipa.com\/index.php\/wp-json\/wp\/v2\/tags?post=15873"}],"curies":[{"name":"wp","href":"https:\/\/api.w.org\/{rel}","templated":true}]}}