{"id":15867,"date":"2025-07-23T11:52:38","date_gmt":"2025-07-23T09:52:38","guid":{"rendered":"https:\/\/elcafedepipa.com\/?p=15867"},"modified":"2025-07-23T11:52:39","modified_gmt":"2025-07-23T09:52:39","slug":"joves-pv-dona-suport-a-lestudiantat-de-la-uji-i-rebutja-lus-preferencial-de-lhospital-provincial-de-castello-per-a-universitats-privades","status":"publish","type":"post","link":"https:\/\/elcafedepipa.com\/index.php\/2025\/07\/23\/joves-pv-dona-suport-a-lestudiantat-de-la-uji-i-rebutja-lus-preferencial-de-lhospital-provincial-de-castello-per-a-universitats-privades\/","title":{"rendered":"Joves PV dona suport a l\u2019estudiantat de la UJI i rebutja l\u2019\u00fas preferencial de l\u2019Hospital Provincial de Castell\u00f3 per a universitats privades"},"content":{"rendered":"\n<p>L\u2019organitzaci\u00f3 juvenil nacionalista Joves PV \u2013 Comprom\u00eds va aprovar per unanimitat, en el marc de la seua Assemblea Nacional celebrada a Beniarbeig, un posicionament ferm en defensa de la Universitat Jaume I (UJI) i del seu alumnat, oposant-se rotundament a l\u2019\u00fas preferencial de l\u2019Hospital Provincial de Castell\u00f3 per part d\u2019universitats privades per a la realitzaci\u00f3 de pr\u00e0ctiques formatives.<\/p>\n\n\n\n<p>\u201c\u00c9s inacceptable que les universitats privades tinguen prioritat en l\u2019acc\u00e9s a recursos p\u00fablics, mentre es deixa en segon pla l\u2019alumnat de la universitat p\u00fablica\u201d, ha declarat Alba Cabedo, membre de la Coordinadora Comarcal de Joves PV Plana Baixa.<\/p>\n\n\n\n<p>Des de Joves PV s\u2019adverteix que aquesta decisi\u00f3 pot obrir la porta a un model de privatitzaci\u00f3 encoberta de serveis sanitaris p\u00fablics, amb conseq\u00fc\u00e8ncies greus per a la qualitat de la formaci\u00f3 i la igualtat d\u2019oportunitats del jovent valenci\u00e0.<\/p>\n\n\n\n<p>En aquest sentit, l\u2019organitzaci\u00f3 juvenil exigeix a totes les institucions implicades \u2014Diputaci\u00f3 de Castell\u00f3, Generalitat Valenciana i Conselleria de Sanitat\u2014 que prioritzen l\u2019acc\u00e9s de l\u2019estudiantat de les universitats p\u00fabliques als centres sanitaris finan\u00e7ats amb fons p\u00fablics, assegurant condicions justes, equitatives i de qualitat per a les pr\u00e0ctiques acad\u00e8miques.<\/p>\n\n\n\n<p>D\u2019altra banda, en la mateixa Assemblea, Joves PV tamb\u00e9 va aprovar una resoluci\u00f3 per exigir ajudes urgents i efectives per a les comarques castigades per la DANA del passat 12 de juliol, que segons dades de l\u2019organitzaci\u00f3 agr\u00e0ria <em>La Uni\u00f3<\/em>, ha provocat unes p\u00e8rdues inicials de m\u00e9s de 29 milions d\u2019euros.<\/p>\n\n\n\n<p>\u201cEls cultius i els pobles de Castell\u00f3 no poden quedar-se abandonats. Cal que la Diputaci\u00f3, el Consell i el Govern espanyol actuen amb celeritat i posen els recursos necessaris al servei dels municipis m\u00e9s afectats\u201d, ha afirmat Xana Ardid, membre de la Coordinadora Nacional de Joves PV.<\/p>\n\n\n\n<p>Des de l\u2019organitzaci\u00f3 es fa una crida a una resposta coordinada per part de les administracions, amb ajudes directes al sector agr\u00edcola, suport a les fam\u00edlies damnificades i inversions en infraestructures que permeten minimitzar els efectes de futurs fen\u00f2mens clim\u00e0tics extrems.<\/p>\n","protected":false},"excerpt":{"rendered":"<p>L\u2019organitzaci\u00f3 juvenil nacionalista Joves PV \u2013 Comprom\u00eds va aprovar per unanimitat, en el marc de la seua Assemblea Nacional celebrada a Beniarbeig, un posicionament ferm en defensa de la Universitat Jaume I (UJI) i del seu alumnat, oposant-se rotundament a l\u2019\u00fas preferencial de l\u2019Hospital Provincial de Castell\u00f3 per part d\u2019universitats privades per a la realitzaci\u00f3 &#8230; <a title=\"Joves PV dona suport a l\u2019estudiantat de la UJI i rebutja l\u2019\u00fas preferencial de l\u2019Hospital Provincial de Castell\u00f3 per a universitats privades\" class=\"read-more\" href=\"https:\/\/elcafedepipa.com\/index.php\/2025\/07\/23\/joves-pv-dona-suport-a-lestudiantat-de-la-uji-i-rebutja-lus-preferencial-de-lhospital-provincial-de-castello-per-a-universitats-privades\/\" aria-label=\"M\u00e9s informaci\u00f3 sobre Joves PV dona suport a l\u2019estudiantat de la UJI i rebutja l\u2019\u00fas preferencial de l\u2019Hospital Provincial de Castell\u00f3 per a universitats privades\">Read more<\/a><\/p>\n","protected":false},"author":2,"featured_media":15871,"comment_status":"closed","ping_status":"closed","sticky":false,"template":"","format":"standard","meta":{"om_disable_all_campaigns":false,"_monsterinsights_skip_tracking":false,"_monsterinsights_sitenote_active":false,"_monsterinsights_sitenote_note":"","_monsterinsights_sitenote_category":0,"_uf_show_specific_survey":0,"_uf_disable_surveys":false,"footnotes":""},"categories":[1],"tags":[],"class_list":["post-15867","post","type-post","status-publish","format-standard","has-post-thumbnail","hentry","category-non-classe"],"_links":{"self":[{"href":"https:\/\/elcafedepipa.com\/index.php\/wp-json\/wp\/v2\/posts\/15867","targetHints":{"allow":["GET"]}}],"collection":[{"href":"https:\/\/elcafedepipa.com\/index.php\/wp-json\/wp\/v2\/posts"}],"about":[{"href":"https:\/\/elcafedepipa.com\/index.php\/wp-json\/wp\/v2\/types\/post"}],"author":[{"embeddable":true,"href":"https:\/\/elcafedepipa.com\/index.php\/wp-json\/wp\/v2\/users\/2"}],"replies":[{"embeddable":true,"href":"https:\/\/elcafedepipa.com\/index.php\/wp-json\/wp\/v2\/comments?post=15867"}],"version-history":[{"count":1,"href":"https:\/\/elcafedepipa.com\/index.php\/wp-json\/wp\/v2\/posts\/15867\/revisions"}],"predecessor-version":[{"id":15872,"href":"https:\/\/elcafedepipa.com\/index.php\/wp-json\/wp\/v2\/posts\/15867\/revisions\/15872"}],"wp:featuredmedia":[{"embeddable":true,"href":"https:\/\/elcafedepipa.com\/index.php\/wp-json\/wp\/v2\/media\/15871"}],"wp:attachment":[{"href":"https:\/\/elcafedepipa.com\/index.php\/wp-json\/wp\/v2\/media?parent=15867"}],"wp:term":[{"taxonomy":"category","embeddable":true,"href":"https:\/\/elcafedepipa.com\/index.php\/wp-json\/wp\/v2\/categories?post=15867"},{"taxonomy":"post_tag","embeddable":true,"href":"https:\/\/elcafedepipa.com\/index.php\/wp-json\/wp\/v2\/tags?post=15867"}],"curies":[{"name":"wp","href":"https:\/\/api.w.org\/{rel}","templated":true}]}}