{"id":15842,"date":"2025-07-22T14:02:43","date_gmt":"2025-07-22T12:02:43","guid":{"rendered":"https:\/\/elcafedepipa.com\/?p=15842"},"modified":"2025-07-22T14:02:44","modified_gmt":"2025-07-22T12:02:44","slug":"lajuntament-dalmenara-comenca-les-obres-de-millora-de-laccessibilitat-al-paratge-natural-dels-estanys","status":"publish","type":"post","link":"https:\/\/elcafedepipa.com\/index.php\/2025\/07\/22\/lajuntament-dalmenara-comenca-les-obres-de-millora-de-laccessibilitat-al-paratge-natural-dels-estanys\/","title":{"rendered":"L&#8217;Ajuntament d&#8217;Almenara comen\u00e7a les obres de millora de l&#8217;accessibilitat al paratge natural dels estanys"},"content":{"rendered":"\n<p><strong>L&#8217;actuaci\u00f3 valorada en 15.000 euros forma part dels pressupostos municipals de 2025<\/strong><\/p>\n\n\n\n<p>L&#8217;Ajuntament d&#8217;Almenara est\u00e0 escometent les obres d&#8217;adequaci\u00f3 dels accessos al Paratge Natural dels Estanys de la localitat amb la finalitat de millorar la via d&#8217;entrada a la zona tant per a vehicles com per a vianants. Al mateix temps tamb\u00e9 s&#8217;ha millorat l&#8217;accessibilitat i l&#8217;entrada a la ruta que envolta el Paratge Natural.<\/p>\n\n\n\n<p>L&#8217;actuaci\u00f3, contemplada en els pressupostos municipals de 2025, est\u00e0 valorada en 15.000 euros i s&#8217;executar\u00e0 al llarg dels pr\u00f2xims dies amb la finalitat de facilitar l&#8217;accessibilitat al paratge.<\/p>\n\n\n\n<p>L&#8217;alcaldessa d&#8217;Almenara, Est\u00edbaliz P\u00e9rez, ha destacat que \u201camb aquesta obra millorem el Paratge Natural Municipal i alhora facilitem l&#8217;accessibilitat a aquest, tant l&#8217;entrada al propi paratge, a la zona d&#8217;aparcament, aix\u00ed com tamb\u00e9 a l&#8217;inici de la ruta que envolta Els Estanys, complint aix\u00ed un dels compromisos adquirits des de l&#8217;equip de govern\u201d<\/p>\n","protected":false},"excerpt":{"rendered":"<p>L&#8217;actuaci\u00f3 valorada en 15.000 euros forma part dels pressupostos municipals de 2025 L&#8217;Ajuntament d&#8217;Almenara est\u00e0 escometent les obres d&#8217;adequaci\u00f3 dels accessos al Paratge Natural dels Estanys de la localitat amb la finalitat de millorar la via d&#8217;entrada a la zona tant per a vehicles com per a vianants. Al mateix temps tamb\u00e9 s&#8217;ha millorat l&#8217;accessibilitat &#8230; <a title=\"L&#8217;Ajuntament d&#8217;Almenara comen\u00e7a les obres de millora de l&#8217;accessibilitat al paratge natural dels estanys\" class=\"read-more\" href=\"https:\/\/elcafedepipa.com\/index.php\/2025\/07\/22\/lajuntament-dalmenara-comenca-les-obres-de-millora-de-laccessibilitat-al-paratge-natural-dels-estanys\/\" aria-label=\"M\u00e9s informaci\u00f3 sobre L&#8217;Ajuntament d&#8217;Almenara comen\u00e7a les obres de millora de l&#8217;accessibilitat al paratge natural dels estanys\">Read more<\/a><\/p>\n","protected":false},"author":2,"featured_media":15846,"comment_status":"closed","ping_status":"closed","sticky":false,"template":"","format":"standard","meta":{"om_disable_all_campaigns":false,"_monsterinsights_skip_tracking":false,"_monsterinsights_sitenote_active":false,"_monsterinsights_sitenote_note":"","_monsterinsights_sitenote_category":0,"_uf_show_specific_survey":0,"_uf_disable_surveys":false,"footnotes":""},"categories":[5],"tags":[],"class_list":["post-15842","post","type-post","status-publish","format-standard","has-post-thumbnail","hentry","category-almenara"],"_links":{"self":[{"href":"https:\/\/elcafedepipa.com\/index.php\/wp-json\/wp\/v2\/posts\/15842","targetHints":{"allow":["GET"]}}],"collection":[{"href":"https:\/\/elcafedepipa.com\/index.php\/wp-json\/wp\/v2\/posts"}],"about":[{"href":"https:\/\/elcafedepipa.com\/index.php\/wp-json\/wp\/v2\/types\/post"}],"author":[{"embeddable":true,"href":"https:\/\/elcafedepipa.com\/index.php\/wp-json\/wp\/v2\/users\/2"}],"replies":[{"embeddable":true,"href":"https:\/\/elcafedepipa.com\/index.php\/wp-json\/wp\/v2\/comments?post=15842"}],"version-history":[{"count":1,"href":"https:\/\/elcafedepipa.com\/index.php\/wp-json\/wp\/v2\/posts\/15842\/revisions"}],"predecessor-version":[{"id":15847,"href":"https:\/\/elcafedepipa.com\/index.php\/wp-json\/wp\/v2\/posts\/15842\/revisions\/15847"}],"wp:featuredmedia":[{"embeddable":true,"href":"https:\/\/elcafedepipa.com\/index.php\/wp-json\/wp\/v2\/media\/15846"}],"wp:attachment":[{"href":"https:\/\/elcafedepipa.com\/index.php\/wp-json\/wp\/v2\/media?parent=15842"}],"wp:term":[{"taxonomy":"category","embeddable":true,"href":"https:\/\/elcafedepipa.com\/index.php\/wp-json\/wp\/v2\/categories?post=15842"},{"taxonomy":"post_tag","embeddable":true,"href":"https:\/\/elcafedepipa.com\/index.php\/wp-json\/wp\/v2\/tags?post=15842"}],"curies":[{"name":"wp","href":"https:\/\/api.w.org\/{rel}","templated":true}]}}