{"id":15832,"date":"2025-07-22T13:50:00","date_gmt":"2025-07-22T11:50:00","guid":{"rendered":"https:\/\/elcafedepipa.com\/?p=15832"},"modified":"2025-07-22T13:14:32","modified_gmt":"2025-07-22T11:14:32","slug":"podcast-el-30-de-juliol-arrancara-la-huitena-edicio-del-castro-festival-que-enguany-incorpora-tambe-a-azuebar","status":"publish","type":"post","link":"https:\/\/elcafedepipa.com\/index.php\/2025\/07\/22\/podcast-el-30-de-juliol-arrancara-la-huitena-edicio-del-castro-festival-que-enguany-incorpora-tambe-a-azuebar\/","title":{"rendered":"Podcast | El 30 de juliol arrancar\u00e0 la huitena edici\u00f3 del Castro Festival que enguany incorpora tamb\u00e9 a Az\u00faebar"},"content":{"rendered":"\n<figure class=\"wp-block-audio\"><audio controls src=\"https:\/\/elcafedepipa.com\/wp-content\/uploads\/2025\/07\/castrofestival.mp3\"><\/audio><\/figure>\n","protected":false},"excerpt":{"rendered":"","protected":false},"author":2,"featured_media":15833,"comment_status":"closed","ping_status":"closed","sticky":false,"template":"","format":"standard","meta":{"om_disable_all_campaigns":false,"_monsterinsights_skip_tracking":false,"_monsterinsights_sitenote_active":false,"_monsterinsights_sitenote_note":"","_monsterinsights_sitenote_category":0,"_uf_show_specific_survey":0,"_uf_disable_surveys":false,"footnotes":""},"categories":[9],"tags":[],"class_list":["post-15832","post","type-post","status-publish","format-standard","has-post-thumbnail","hentry","category-alfondeguilla"],"_links":{"self":[{"href":"https:\/\/elcafedepipa.com\/index.php\/wp-json\/wp\/v2\/posts\/15832","targetHints":{"allow":["GET"]}}],"collection":[{"href":"https:\/\/elcafedepipa.com\/index.php\/wp-json\/wp\/v2\/posts"}],"about":[{"href":"https:\/\/elcafedepipa.com\/index.php\/wp-json\/wp\/v2\/types\/post"}],"author":[{"embeddable":true,"href":"https:\/\/elcafedepipa.com\/index.php\/wp-json\/wp\/v2\/users\/2"}],"replies":[{"embeddable":true,"href":"https:\/\/elcafedepipa.com\/index.php\/wp-json\/wp\/v2\/comments?post=15832"}],"version-history":[{"count":1,"href":"https:\/\/elcafedepipa.com\/index.php\/wp-json\/wp\/v2\/posts\/15832\/revisions"}],"predecessor-version":[{"id":15835,"href":"https:\/\/elcafedepipa.com\/index.php\/wp-json\/wp\/v2\/posts\/15832\/revisions\/15835"}],"wp:featuredmedia":[{"embeddable":true,"href":"https:\/\/elcafedepipa.com\/index.php\/wp-json\/wp\/v2\/media\/15833"}],"wp:attachment":[{"href":"https:\/\/elcafedepipa.com\/index.php\/wp-json\/wp\/v2\/media?parent=15832"}],"wp:term":[{"taxonomy":"category","embeddable":true,"href":"https:\/\/elcafedepipa.com\/index.php\/wp-json\/wp\/v2\/categories?post=15832"},{"taxonomy":"post_tag","embeddable":true,"href":"https:\/\/elcafedepipa.com\/index.php\/wp-json\/wp\/v2\/tags?post=15832"}],"curies":[{"name":"wp","href":"https:\/\/api.w.org\/{rel}","templated":true}]}}