{"id":15829,"date":"2025-07-22T13:10:29","date_gmt":"2025-07-22T11:10:29","guid":{"rendered":"https:\/\/elcafedepipa.com\/?p=15829"},"modified":"2025-07-22T13:10:30","modified_gmt":"2025-07-22T11:10:30","slug":"el-ceip-castro-dalfondeguilla-amplia-els-patis-exteriors-per-al-gaudi-dels-xiquets","status":"publish","type":"post","link":"https:\/\/elcafedepipa.com\/index.php\/2025\/07\/22\/el-ceip-castro-dalfondeguilla-amplia-els-patis-exteriors-per-al-gaudi-dels-xiquets\/","title":{"rendered":"El CEIP Castro d&#8217;Alfondeguilla amplia els patis exteriors per al gaudi dels xiquets"},"content":{"rendered":"\n<p>El CEIP Castro d&#8217;Alfondeguilla ha iniciat les obres que culminaran l&#8217;anhelada ampliaci\u00f3 dels seus patis exteriors, una actuaci\u00f3 vital per al gaudi dels alumnes i la que posar\u00e0 fi a les millores que van comen\u00e7ar l&#8217;any passat. L&#8217;alcalde, Salvador Ventura, ha destacat la import\u00e0ncia d&#8217;esta intervenci\u00f3 per al benestar dels xiquets.<\/p>\n\n\n\n<p>&#8220;Amb estes obres, els alumnes del CEIP Castro podran gaudir dels exteriors d&#8217;un centre que es troba en un lloc privilegiat&#8221;, segons l&#8217;alcalde.<\/p>\n\n\n\n<p>Les obres se centren principalment en l&#8217;ampliaci\u00f3 i adequaci\u00f3 d&#8217;estos espais, oferint als escolars un entorn m\u00e9s ampli i adequat per al joc i l&#8217;oci a l&#8217;aire lliure.<\/p>\n\n\n\n<p>El finan\u00e7ament d&#8217;esta fase de les obres ascendix a 116.000 \u20ac, provinents del pla Edificant de la Generalitat Valenciana.<\/p>\n\n\n\n<p>S&#8217;espera que, una vegada finalitzades, estes millores transformen els patis del CEIP Castro en un espai funcional i atractiu, contribuint significativament a la qualitat de l&#8217;experi\u00e8ncia educativa dels alumnes d&#8217;Alfondeguilla.<\/p>\n","protected":false},"excerpt":{"rendered":"<p>El CEIP Castro d&#8217;Alfondeguilla ha iniciat les obres que culminaran l&#8217;anhelada ampliaci\u00f3 dels seus patis exteriors, una actuaci\u00f3 vital per al gaudi dels alumnes i la que posar\u00e0 fi a les millores que van comen\u00e7ar l&#8217;any passat. L&#8217;alcalde, Salvador Ventura, ha destacat la import\u00e0ncia d&#8217;esta intervenci\u00f3 per al benestar dels xiquets. &#8220;Amb estes obres, els &#8230; <a title=\"El CEIP Castro d&#8217;Alfondeguilla amplia els patis exteriors per al gaudi dels xiquets\" class=\"read-more\" href=\"https:\/\/elcafedepipa.com\/index.php\/2025\/07\/22\/el-ceip-castro-dalfondeguilla-amplia-els-patis-exteriors-per-al-gaudi-dels-xiquets\/\" aria-label=\"M\u00e9s informaci\u00f3 sobre El CEIP Castro d&#8217;Alfondeguilla amplia els patis exteriors per al gaudi dels xiquets\">Read more<\/a><\/p>\n","protected":false},"author":2,"featured_media":15830,"comment_status":"closed","ping_status":"closed","sticky":false,"template":"","format":"standard","meta":{"om_disable_all_campaigns":false,"_monsterinsights_skip_tracking":false,"_monsterinsights_sitenote_active":false,"_monsterinsights_sitenote_note":"","_monsterinsights_sitenote_category":0,"_uf_show_specific_survey":0,"_uf_disable_surveys":false,"footnotes":""},"categories":[9],"tags":[],"class_list":["post-15829","post","type-post","status-publish","format-standard","has-post-thumbnail","hentry","category-alfondeguilla"],"_links":{"self":[{"href":"https:\/\/elcafedepipa.com\/index.php\/wp-json\/wp\/v2\/posts\/15829","targetHints":{"allow":["GET"]}}],"collection":[{"href":"https:\/\/elcafedepipa.com\/index.php\/wp-json\/wp\/v2\/posts"}],"about":[{"href":"https:\/\/elcafedepipa.com\/index.php\/wp-json\/wp\/v2\/types\/post"}],"author":[{"embeddable":true,"href":"https:\/\/elcafedepipa.com\/index.php\/wp-json\/wp\/v2\/users\/2"}],"replies":[{"embeddable":true,"href":"https:\/\/elcafedepipa.com\/index.php\/wp-json\/wp\/v2\/comments?post=15829"}],"version-history":[{"count":1,"href":"https:\/\/elcafedepipa.com\/index.php\/wp-json\/wp\/v2\/posts\/15829\/revisions"}],"predecessor-version":[{"id":15831,"href":"https:\/\/elcafedepipa.com\/index.php\/wp-json\/wp\/v2\/posts\/15829\/revisions\/15831"}],"wp:featuredmedia":[{"embeddable":true,"href":"https:\/\/elcafedepipa.com\/index.php\/wp-json\/wp\/v2\/media\/15830"}],"wp:attachment":[{"href":"https:\/\/elcafedepipa.com\/index.php\/wp-json\/wp\/v2\/media?parent=15829"}],"wp:term":[{"taxonomy":"category","embeddable":true,"href":"https:\/\/elcafedepipa.com\/index.php\/wp-json\/wp\/v2\/categories?post=15829"},{"taxonomy":"post_tag","embeddable":true,"href":"https:\/\/elcafedepipa.com\/index.php\/wp-json\/wp\/v2\/tags?post=15829"}],"curies":[{"name":"wp","href":"https:\/\/api.w.org\/{rel}","templated":true}]}}