{"id":15825,"date":"2025-07-22T13:05:28","date_gmt":"2025-07-22T11:05:28","guid":{"rendered":"https:\/\/elcafedepipa.com\/?p=15825"},"modified":"2025-07-22T13:05:29","modified_gmt":"2025-07-22T11:05:29","slug":"la-unio-demana-al-miteco-una-compensacio-justa-per-als-llauradors-afectats-despres-de-la-dana-pel-canvi-de-les-seues-parcelles-a-domini-public-hidraulic","status":"publish","type":"post","link":"https:\/\/elcafedepipa.com\/index.php\/2025\/07\/22\/la-unio-demana-al-miteco-una-compensacio-justa-per-als-llauradors-afectats-despres-de-la-dana-pel-canvi-de-les-seues-parcelles-a-domini-public-hidraulic\/","title":{"rendered":"LA UNI\u00d3 demana al MITECO una compensaci\u00f3 justa per als llauradors afectats despr\u00e9s de la dana pel canvi de les seues parcel\u00b7les a Domini P\u00fablic Hidr\u00e0ulic"},"content":{"rendered":"\n<p><strong>Carles Peris diu que \u201cno es poden menyscabar els drets leg\u00edtims dels qui han desenvolupat una activitat agr\u00e0ria l\u00edcita i necess\u00e0ria per a l&#8217;equilibri rural i ambiental del territori\u201d<\/strong><strong><\/strong><\/p>\n\n\n\n<p>La Uni\u00f3 Llauradora ha sol\u00b7licitat al Ministeri per a la Transici\u00f3 Ecol\u00f2gica i el Repte Demogr\u00e0fic (MITECO) que resolga els problemes ocasionats als llauradors afectats pel canvi de qualificaci\u00f3 de parcel\u00b7les agr\u00edcoles al Domini P\u00fablic Hidr\u00e0ulic despr\u00e9s de la dana 2024 en la Comunitat Valenciana<\/p>\n\n\n\n<p>L&#8217;organitzaci\u00f3 trasllada que nombroses parcel\u00b7les amb activitat agr\u00e0ria consolidada, algunes amb drets reconeguts dins de la PAC i altres fins i tot amb autoritzacions de reg, seran incorporades a la nova delimitaci\u00f3 de DPH com a resultat de l&#8217;alteraci\u00f3 f\u00edsica de llits i barrancs despr\u00e9s de l&#8217;esdeveniment clim\u00e0tic, la qual cosa els causa un enorme impacte econ\u00f2mic i jur\u00eddic.<\/p>\n\n\n\n<p>Davant aquesta situaci\u00f3, demanda al Ministeri una compensaci\u00f3 econ\u00f2mica justa i proporcional que tinga en compte el valor patrimonial del s\u00f2l, la p\u00e8rdua de capacitat productiva i el perjudici econ\u00f2mic generat.<\/p>\n\n\n\n<p>Tamb\u00e9 sol\u00b7licita la conservaci\u00f3 de drets agraris per a la seua reactivaci\u00f3 futura, \u00e9s a dir, que els drets d&#8217;ajuda directa de la PAC vinculats a superf\u00edcies hui desaparegudes o inutilitzables es mantinguen a nom del llaurador o ramader afectat, podent ser activats sobre altres superf\u00edcies agr\u00e0ries que adquirisca o arrende en el futur. I per al cas de parcel\u00b7les amb drets de plantaci\u00f3 de vinya, que aquests drets es conserven igualment en propietat del llaurador afectat, sense p\u00e8rdua de validesa, i s&#8217;habilite la seua activaci\u00f3 sobre altres superf\u00edcies vit\u00edcoles.<\/p>\n\n\n\n<p>En relaci\u00f3 amb el reg, li demana que es respecten els drets preexistents, permetent el seu trasp\u00e0s a noves parcel\u00b7les de substituci\u00f3. Per als casos en qu\u00e8 existira autoritzaci\u00f3 d&#8217;\u00fas de pou individual que es facilite una nova autoritzaci\u00f3 equivalent per a l&#8217;\u00fas en la nova ubicaci\u00f3.<\/p>\n\n\n\n<p>LA UNI\u00d3 tamb\u00e9 reclama major claredat administrativa i jur\u00eddica. En aquest sentit, insta el Ministeri dirigit per Sara Agaasen que es garantisca la incorporaci\u00f3 actualitzada de les noves delimitacions del DPH al visor SIGPAC, de manera que els llauradors puguen con\u00e9ixer de manera senzilla i transparent la situaci\u00f3 legal de les seues parcel\u00b7les. Tamb\u00e9 que s&#8217;assegure la informaci\u00f3 pr\u00e8via individualitzada i la possibilitat de consulta i al\u00b7legaci\u00f3.<\/p>\n\n\n\n<p>Per a Carles Peris, secretari general de LA UNI\u00d3, \u201cLa situaci\u00f3 generada per la dana ha ocasionat una modificaci\u00f3 f\u00edsica de la xarxa h\u00eddrica que ha de ser abordada amb criteris d&#8217;equitat, proporcionalitat i col\u00b7laboraci\u00f3 institucional, sense menyscabar els drets leg\u00edtims dels qui, durant d\u00e8cades, han desenvolupat una activitat agr\u00e0ria l\u00edcita i necess\u00e0ria per a l&#8217;equilibri rural i ambiental del territori\u201d.<\/p>\n\n\n\n<p>LA UNI\u00d3 ja havia traslladat totes aquestes peticions en la reuni\u00f3 mantinguda el passat 27 de juny amb el president de la Confederaci\u00f3 Hidrogr\u00e0fica del X\u00faquer i la comissaria d&#8217;Aig\u00fces.<\/p>\n\n\n\n<figure class=\"wp-block-image size-large\"><img fetchpriority=\"high\" decoding=\"async\" width=\"1024\" height=\"682\" src=\"https:\/\/elcafedepipa.com\/wp-content\/uploads\/2025\/07\/Dana-2-1024x682.jpg\" alt=\"\" class=\"wp-image-15827\" srcset=\"https:\/\/elcafedepipa.com\/wp-content\/uploads\/2025\/07\/Dana-2-1024x682.jpg 1024w, https:\/\/elcafedepipa.com\/wp-content\/uploads\/2025\/07\/Dana-2-300x200.jpg 300w, https:\/\/elcafedepipa.com\/wp-content\/uploads\/2025\/07\/Dana-2-768x512.jpg 768w, https:\/\/elcafedepipa.com\/wp-content\/uploads\/2025\/07\/Dana-2.jpg 1280w\" sizes=\"(max-width: 1024px) 100vw, 1024px\" \/><\/figure>\n","protected":false},"excerpt":{"rendered":"<p>Carles Peris diu que \u201cno es poden menyscabar els drets leg\u00edtims dels qui han desenvolupat una activitat agr\u00e0ria l\u00edcita i necess\u00e0ria per a l&#8217;equilibri rural i ambiental del territori\u201d La Uni\u00f3 Llauradora ha sol\u00b7licitat al Ministeri per a la Transici\u00f3 Ecol\u00f2gica i el Repte Demogr\u00e0fic (MITECO) que resolga els problemes ocasionats als llauradors afectats pel &#8230; <a title=\"LA UNI\u00d3 demana al MITECO una compensaci\u00f3 justa per als llauradors afectats despr\u00e9s de la dana pel canvi de les seues parcel\u00b7les a Domini P\u00fablic Hidr\u00e0ulic\" class=\"read-more\" href=\"https:\/\/elcafedepipa.com\/index.php\/2025\/07\/22\/la-unio-demana-al-miteco-una-compensacio-justa-per-als-llauradors-afectats-despres-de-la-dana-pel-canvi-de-les-seues-parcelles-a-domini-public-hidraulic\/\" aria-label=\"M\u00e9s informaci\u00f3 sobre LA UNI\u00d3 demana al MITECO una compensaci\u00f3 justa per als llauradors afectats despr\u00e9s de la dana pel canvi de les seues parcel\u00b7les a Domini P\u00fablic Hidr\u00e0ulic\">Read more<\/a><\/p>\n","protected":false},"author":2,"featured_media":15826,"comment_status":"closed","ping_status":"closed","sticky":false,"template":"","format":"standard","meta":{"om_disable_all_campaigns":false,"_monsterinsights_skip_tracking":false,"_monsterinsights_sitenote_active":false,"_monsterinsights_sitenote_note":"","_monsterinsights_sitenote_category":0,"_uf_show_specific_survey":0,"_uf_disable_surveys":false,"footnotes":""},"categories":[1],"tags":[],"class_list":["post-15825","post","type-post","status-publish","format-standard","has-post-thumbnail","hentry","category-non-classe"],"_links":{"self":[{"href":"https:\/\/elcafedepipa.com\/index.php\/wp-json\/wp\/v2\/posts\/15825","targetHints":{"allow":["GET"]}}],"collection":[{"href":"https:\/\/elcafedepipa.com\/index.php\/wp-json\/wp\/v2\/posts"}],"about":[{"href":"https:\/\/elcafedepipa.com\/index.php\/wp-json\/wp\/v2\/types\/post"}],"author":[{"embeddable":true,"href":"https:\/\/elcafedepipa.com\/index.php\/wp-json\/wp\/v2\/users\/2"}],"replies":[{"embeddable":true,"href":"https:\/\/elcafedepipa.com\/index.php\/wp-json\/wp\/v2\/comments?post=15825"}],"version-history":[{"count":1,"href":"https:\/\/elcafedepipa.com\/index.php\/wp-json\/wp\/v2\/posts\/15825\/revisions"}],"predecessor-version":[{"id":15828,"href":"https:\/\/elcafedepipa.com\/index.php\/wp-json\/wp\/v2\/posts\/15825\/revisions\/15828"}],"wp:featuredmedia":[{"embeddable":true,"href":"https:\/\/elcafedepipa.com\/index.php\/wp-json\/wp\/v2\/media\/15826"}],"wp:attachment":[{"href":"https:\/\/elcafedepipa.com\/index.php\/wp-json\/wp\/v2\/media?parent=15825"}],"wp:term":[{"taxonomy":"category","embeddable":true,"href":"https:\/\/elcafedepipa.com\/index.php\/wp-json\/wp\/v2\/categories?post=15825"},{"taxonomy":"post_tag","embeddable":true,"href":"https:\/\/elcafedepipa.com\/index.php\/wp-json\/wp\/v2\/tags?post=15825"}],"curies":[{"name":"wp","href":"https:\/\/api.w.org\/{rel}","templated":true}]}}