{"id":15817,"date":"2025-07-22T12:56:36","date_gmt":"2025-07-22T10:56:36","guid":{"rendered":"https:\/\/elcafedepipa.com\/?p=15817"},"modified":"2025-07-22T12:56:37","modified_gmt":"2025-07-22T10:56:37","slug":"nules-promou-els-habits-saludables-entre-la-poblacio-jove","status":"publish","type":"post","link":"https:\/\/elcafedepipa.com\/index.php\/2025\/07\/22\/nules-promou-els-habits-saludables-entre-la-poblacio-jove\/","title":{"rendered":"Nules promou els h\u00e0bits saludables entre la poblaci\u00f3 jove"},"content":{"rendered":"\n<p><strong>L\u2019alumnat de l\u2019Estiu Jove coneix els Horts Urbans i la seua activitat<\/strong><\/p>\n\n\n\n<p>Una trentena de joves han participat d\u2019una jornada dedicada als h\u00e0bits saludables i a l\u2019agricultura sostenible i de proximitat. Aix\u00ed, l\u2019alumnat de l\u2019Estiu Jove ha pogut con\u00e8ixer l\u2019activitat que es desenvolupa als horts urbans i que promou el pla de salut municipal de l\u2019Ajuntament de Nules.<\/p>\n\n\n\n<p>De fet, aquesta activitat s\u2019emmarca en la programaci\u00f3 de l\u2019Estiu Jove que es porta a terme al Casal Jove al llarg del mes de juliol. Aix\u00ed, cal assenyalar que la regidoria de Joventut est\u00e0 compromesa des de les seues pol\u00edtiques socials amb el foment de l&#8217;oci saludable, el temps lliure i els programes d&#8217;oci educatiu per a, aix\u00ed, poder contribuir en el creixement personal, l\u2019autonomia i el desenvolupament de la identitat i dels valors socials i de vida de la joventut del municipi.<\/p>\n\n\n\n<p>De manera que, totes les activitats estan adre\u00e7ades en oferir&nbsp; una qualitat pedag\u00f2gica i l\u00fadica, incidint en els valors educatius com a garantia d&#8217;igualtat i progr\u00e9s social, igualtat d&#8217;oportunitats i de tracte, en el respecte a la diversitat, en la conviv\u00e8ncia intercultural, la lluita contra el racisme i la xenof\u00f2bia, i en l&#8217;educaci\u00f3 en els drets humans.<\/p>\n\n\n\n<p>El Casal Jove elabora una programaci\u00f3 d\u2019activitats socioculturals que ve a enriquir i complementar l\u2019oferta educativa, formativa i social que des de l\u2019Ajuntament de Nules s\u2019ofereix a poblaci\u00f3 juvenil, entre la qual es troba l\u2019Estiu Jove.<\/p>\n\n\n\n<figure class=\"wp-block-image size-large\"><img fetchpriority=\"high\" decoding=\"async\" width=\"1024\" height=\"576\" src=\"https:\/\/elcafedepipa.com\/wp-content\/uploads\/2025\/07\/nules2-1-1024x576.jpg\" alt=\"\" class=\"wp-image-15819\" srcset=\"https:\/\/elcafedepipa.com\/wp-content\/uploads\/2025\/07\/nules2-1-1024x576.jpg 1024w, https:\/\/elcafedepipa.com\/wp-content\/uploads\/2025\/07\/nules2-1-300x169.jpg 300w, https:\/\/elcafedepipa.com\/wp-content\/uploads\/2025\/07\/nules2-1-768x432.jpg 768w, https:\/\/elcafedepipa.com\/wp-content\/uploads\/2025\/07\/nules2-1-1536x864.jpg 1536w, https:\/\/elcafedepipa.com\/wp-content\/uploads\/2025\/07\/nules2-1.jpg 1600w\" sizes=\"(max-width: 1024px) 100vw, 1024px\" \/><\/figure>\n","protected":false},"excerpt":{"rendered":"<p>L\u2019alumnat de l\u2019Estiu Jove coneix els Horts Urbans i la seua activitat Una trentena de joves han participat d\u2019una jornada dedicada als h\u00e0bits saludables i a l\u2019agricultura sostenible i de proximitat. Aix\u00ed, l\u2019alumnat de l\u2019Estiu Jove ha pogut con\u00e8ixer l\u2019activitat que es desenvolupa als horts urbans i que promou el pla de salut municipal de &#8230; <a title=\"Nules promou els h\u00e0bits saludables entre la poblaci\u00f3 jove\" class=\"read-more\" href=\"https:\/\/elcafedepipa.com\/index.php\/2025\/07\/22\/nules-promou-els-habits-saludables-entre-la-poblacio-jove\/\" aria-label=\"M\u00e9s informaci\u00f3 sobre Nules promou els h\u00e0bits saludables entre la poblaci\u00f3 jove\">Read more<\/a><\/p>\n","protected":false},"author":2,"featured_media":15818,"comment_status":"closed","ping_status":"closed","sticky":false,"template":"","format":"standard","meta":{"om_disable_all_campaigns":false,"_monsterinsights_skip_tracking":false,"_monsterinsights_sitenote_active":false,"_monsterinsights_sitenote_note":"","_monsterinsights_sitenote_category":0,"_uf_show_specific_survey":0,"_uf_disable_surveys":false,"footnotes":""},"categories":[3],"tags":[],"class_list":["post-15817","post","type-post","status-publish","format-standard","has-post-thumbnail","hentry","category-nules"],"_links":{"self":[{"href":"https:\/\/elcafedepipa.com\/index.php\/wp-json\/wp\/v2\/posts\/15817","targetHints":{"allow":["GET"]}}],"collection":[{"href":"https:\/\/elcafedepipa.com\/index.php\/wp-json\/wp\/v2\/posts"}],"about":[{"href":"https:\/\/elcafedepipa.com\/index.php\/wp-json\/wp\/v2\/types\/post"}],"author":[{"embeddable":true,"href":"https:\/\/elcafedepipa.com\/index.php\/wp-json\/wp\/v2\/users\/2"}],"replies":[{"embeddable":true,"href":"https:\/\/elcafedepipa.com\/index.php\/wp-json\/wp\/v2\/comments?post=15817"}],"version-history":[{"count":1,"href":"https:\/\/elcafedepipa.com\/index.php\/wp-json\/wp\/v2\/posts\/15817\/revisions"}],"predecessor-version":[{"id":15820,"href":"https:\/\/elcafedepipa.com\/index.php\/wp-json\/wp\/v2\/posts\/15817\/revisions\/15820"}],"wp:featuredmedia":[{"embeddable":true,"href":"https:\/\/elcafedepipa.com\/index.php\/wp-json\/wp\/v2\/media\/15818"}],"wp:attachment":[{"href":"https:\/\/elcafedepipa.com\/index.php\/wp-json\/wp\/v2\/media?parent=15817"}],"wp:term":[{"taxonomy":"category","embeddable":true,"href":"https:\/\/elcafedepipa.com\/index.php\/wp-json\/wp\/v2\/categories?post=15817"},{"taxonomy":"post_tag","embeddable":true,"href":"https:\/\/elcafedepipa.com\/index.php\/wp-json\/wp\/v2\/tags?post=15817"}],"curies":[{"name":"wp","href":"https:\/\/api.w.org\/{rel}","templated":true}]}}