{"id":15810,"date":"2025-07-21T16:20:16","date_gmt":"2025-07-21T14:20:16","guid":{"rendered":"https:\/\/elcafedepipa.com\/?p=15810"},"modified":"2025-07-21T16:20:17","modified_gmt":"2025-07-21T14:20:17","slug":"almenara-intensifica-les-fumigacions-contra-els-mosquits-iniciades-la-setmana-passada-despres-de-les-pluges","status":"publish","type":"post","link":"https:\/\/elcafedepipa.com\/index.php\/2025\/07\/21\/almenara-intensifica-les-fumigacions-contra-els-mosquits-iniciades-la-setmana-passada-despres-de-les-pluges\/","title":{"rendered":"Almenara intensifica les fumigacions contra els mosquits iniciades la setmana passada despr\u00e9s de les pluges"},"content":{"rendered":"\n<p><strong>Els treballs se centren en la zona humida, el nucli urb\u00e0 i la Platja Casablanca<\/strong><\/p>\n\n\n\n<p>L&#8217;Ajuntament d&#8217;Almenara continua i intensifica durant la jornada de hui les labors de fumigaci\u00f3 contra els mosquits en tot el terme municipal. Aquestes actuacions reforcen l&#8217;operatiu especial que ja es va posar en marxa la setmana passada despr\u00e9s de les \u00faltimes pluges amb fumigacions dutes a terme des de l&#8217;ajuntament, a les quals es van sumar les de la Diputaci\u00f3 de Castell\u00f3 en les zones humides i de marjal.<\/p>\n\n\n\n<p>Els treballs estan sent executats per l&#8217;empresa especialitzada *Lok\u00edmica, que mant\u00e9 un tractament regular al llarg de tot l&#8217;any i refor\u00e7a la seua activitat en els moments de major proliferaci\u00f3 de l&#8217;insecte. Les fumigacions s&#8217;estan duent a terme tant en el nucli urb\u00e0 com a la Platja Casablanca, en la zona dels xiringuitos, aix\u00ed com en parcs, jardins i zones esportives. Aquestes s&#8217;estan intensificant des de la setmana passada.<\/p>\n\n\n\n<p>L&#8217;alcaldessa d&#8217;Almenara, Est\u00edbaliz P\u00e9rez, ha subratllat la import\u00e0ncia d&#8217;aquestes accions, perqu\u00e8 \u201csom conscients de les mol\u00e8sties que generen els mosquits, especialment en aquesta \u00e8poca de l&#8217;any. Per aix\u00f2 ja despr\u00e9s de les pluges, la setmana passada vam intensificar les fumigacions, no sols de manera preventiva, sin\u00f3 tamb\u00e9 de manera reactiva amb adulticides. Agra\u00efm la col\u00b7laboraci\u00f3 de la Diputaci\u00f3 i demanem comprensi\u00f3 a la ciutadania mentre es continua fumigant en una situaci\u00f3 excepcional que afecta a tot el litoral de la nostra provincia i zones ve\u00efnes\u201d.<\/p>\n\n\n\n<p>L&#8217;Ajuntament recorda la import\u00e0ncia de la col\u00b7laboraci\u00f3 ciutadana per a minimitzar els focus de cria del mosquit, especialment evitant acumulacions d&#8217;aigua en espais privats.<\/p>\n","protected":false},"excerpt":{"rendered":"<p>Els treballs se centren en la zona humida, el nucli urb\u00e0 i la Platja Casablanca L&#8217;Ajuntament d&#8217;Almenara continua i intensifica durant la jornada de hui les labors de fumigaci\u00f3 contra els mosquits en tot el terme municipal. Aquestes actuacions reforcen l&#8217;operatiu especial que ja es va posar en marxa la setmana passada despr\u00e9s de les &#8230; <a title=\"Almenara intensifica les fumigacions contra els mosquits iniciades la setmana passada despr\u00e9s de les pluges\" class=\"read-more\" href=\"https:\/\/elcafedepipa.com\/index.php\/2025\/07\/21\/almenara-intensifica-les-fumigacions-contra-els-mosquits-iniciades-la-setmana-passada-despres-de-les-pluges\/\" aria-label=\"M\u00e9s informaci\u00f3 sobre Almenara intensifica les fumigacions contra els mosquits iniciades la setmana passada despr\u00e9s de les pluges\">Read more<\/a><\/p>\n","protected":false},"author":2,"featured_media":15811,"comment_status":"closed","ping_status":"closed","sticky":false,"template":"","format":"standard","meta":{"om_disable_all_campaigns":false,"_monsterinsights_skip_tracking":false,"_monsterinsights_sitenote_active":false,"_monsterinsights_sitenote_note":"","_monsterinsights_sitenote_category":0,"_uf_show_specific_survey":0,"_uf_disable_surveys":false,"footnotes":""},"categories":[5],"tags":[],"class_list":["post-15810","post","type-post","status-publish","format-standard","has-post-thumbnail","hentry","category-almenara"],"_links":{"self":[{"href":"https:\/\/elcafedepipa.com\/index.php\/wp-json\/wp\/v2\/posts\/15810","targetHints":{"allow":["GET"]}}],"collection":[{"href":"https:\/\/elcafedepipa.com\/index.php\/wp-json\/wp\/v2\/posts"}],"about":[{"href":"https:\/\/elcafedepipa.com\/index.php\/wp-json\/wp\/v2\/types\/post"}],"author":[{"embeddable":true,"href":"https:\/\/elcafedepipa.com\/index.php\/wp-json\/wp\/v2\/users\/2"}],"replies":[{"embeddable":true,"href":"https:\/\/elcafedepipa.com\/index.php\/wp-json\/wp\/v2\/comments?post=15810"}],"version-history":[{"count":1,"href":"https:\/\/elcafedepipa.com\/index.php\/wp-json\/wp\/v2\/posts\/15810\/revisions"}],"predecessor-version":[{"id":15812,"href":"https:\/\/elcafedepipa.com\/index.php\/wp-json\/wp\/v2\/posts\/15810\/revisions\/15812"}],"wp:featuredmedia":[{"embeddable":true,"href":"https:\/\/elcafedepipa.com\/index.php\/wp-json\/wp\/v2\/media\/15811"}],"wp:attachment":[{"href":"https:\/\/elcafedepipa.com\/index.php\/wp-json\/wp\/v2\/media?parent=15810"}],"wp:term":[{"taxonomy":"category","embeddable":true,"href":"https:\/\/elcafedepipa.com\/index.php\/wp-json\/wp\/v2\/categories?post=15810"},{"taxonomy":"post_tag","embeddable":true,"href":"https:\/\/elcafedepipa.com\/index.php\/wp-json\/wp\/v2\/tags?post=15810"}],"curies":[{"name":"wp","href":"https:\/\/api.w.org\/{rel}","templated":true}]}}