{"id":15799,"date":"2025-07-21T16:12:13","date_gmt":"2025-07-21T14:12:13","guid":{"rendered":"https:\/\/elcafedepipa.com\/?p=15799"},"modified":"2025-07-21T16:12:14","modified_gmt":"2025-07-21T14:12:14","slug":"lajuntament-de-la-vall-duixo-ofereix-un-estiu-esportiu-a-350-persones","status":"publish","type":"post","link":"https:\/\/elcafedepipa.com\/index.php\/2025\/07\/21\/lajuntament-de-la-vall-duixo-ofereix-un-estiu-esportiu-a-350-persones\/","title":{"rendered":"L\u00b4Ajuntament de la Vall d\u00b4Uix\u00f3 ofereix un estiu esportiu a 350 persones"},"content":{"rendered":"\n<p><strong>Les activitats de lleure saludable s&#8217;han consolidat pel seu efecte socialitzador i els beneficis per a la salut<\/strong><\/p>\n\n\n\n<p>350 persones participen a l&#8217;Estiu Esportiu de l&#8217;Ajuntament de la Vall d&#8217;Uix\u00f3, que durant la meitat de juny i tot el mes de juliol ofereix quatre activitats d&#8217;oci saludable, que permeten &#8220;continuar o iniciar-se a la pr\u00e0ctica f\u00edsica&#8221;, tal com ha destacat la regidora d&#8217;Esports, Mar Arzo, que ha visitat la sessi\u00f3 de zumba al costat de l&#8217;alcaldessa.<\/p>\n\n\n\n<p>Precisament l&#8217;activitat de zumba \u00e9s la m\u00e9s nombrosa, amb 106 persones inscrites als dos torns, un de matins i un altre de tardes. A m\u00e9s tamb\u00e9 es fa trail running, entrenament h\u00edbrid i senderisme. Per Arzo, aquest programa \u201cest\u00e0 consolidat, igual que les activitats que es fan durant la temporada de setembre a juny\u201d.<\/p>\n\n\n\n<p>Aix\u00ed, la Regidoria d\u02bbEsports ja est\u00e0 treballant per oferir sessions de zumba durant tot l\u02bbany mitjan\u00e7ant un proc\u00e9s de contractaci\u00f3 obert. En aquest sentit, l&#8217;alcaldessa ha posat en valor \u201cl&#8217;esfor\u00e7 municipal per dur a terme un programa esportiu tan complet que cada curs \u00e9s un \u00e8xit de participaci\u00f3 des que el comencem\u201d.<\/p>\n\n\n\n<p>En aquests 10 anys l&#8217;Ajuntament de la Vall d&#8217;Uix\u00f3 ha apostat per l&#8217;esport \u201cper la funci\u00f3 social\u201d i \u201cel seu efecte socialitzador i de lluita contra la solitud no desitjada\u201d. I \u00e9s que encara que s&#8217;ofereixen activitats per a tots els p\u00fablics, es posa \u00e8mfasi que \u201cpersones que en la seva joventut no han pogut fer esport facin activitat f\u00edsica enfocada a la salut\u201d, ha finalitzat Ba\u00f1os.<br><\/p>\n\n\n\n<figure class=\"wp-block-image size-large\"><img fetchpriority=\"high\" decoding=\"async\" width=\"1024\" height=\"768\" src=\"https:\/\/elcafedepipa.com\/wp-content\/uploads\/2025\/07\/zumba-2-1024x768.jpeg\" alt=\"\" class=\"wp-image-15801\" srcset=\"https:\/\/elcafedepipa.com\/wp-content\/uploads\/2025\/07\/zumba-2-1024x768.jpeg 1024w, https:\/\/elcafedepipa.com\/wp-content\/uploads\/2025\/07\/zumba-2-300x225.jpeg 300w, https:\/\/elcafedepipa.com\/wp-content\/uploads\/2025\/07\/zumba-2-768x576.jpeg 768w, https:\/\/elcafedepipa.com\/wp-content\/uploads\/2025\/07\/zumba-2-1536x1152.jpeg 1536w, https:\/\/elcafedepipa.com\/wp-content\/uploads\/2025\/07\/zumba-2.jpeg 1600w\" sizes=\"(max-width: 1024px) 100vw, 1024px\" \/><\/figure>\n","protected":false},"excerpt":{"rendered":"<p>Les activitats de lleure saludable s&#8217;han consolidat pel seu efecte socialitzador i els beneficis per a la salut 350 persones participen a l&#8217;Estiu Esportiu de l&#8217;Ajuntament de la Vall d&#8217;Uix\u00f3, que durant la meitat de juny i tot el mes de juliol ofereix quatre activitats d&#8217;oci saludable, que permeten &#8220;continuar o iniciar-se a la pr\u00e0ctica &#8230; <a title=\"L\u00b4Ajuntament de la Vall d\u00b4Uix\u00f3 ofereix un estiu esportiu a 350 persones\" class=\"read-more\" href=\"https:\/\/elcafedepipa.com\/index.php\/2025\/07\/21\/lajuntament-de-la-vall-duixo-ofereix-un-estiu-esportiu-a-350-persones\/\" aria-label=\"M\u00e9s informaci\u00f3 sobre L\u00b4Ajuntament de la Vall d\u00b4Uix\u00f3 ofereix un estiu esportiu a 350 persones\">Read more<\/a><\/p>\n","protected":false},"author":2,"featured_media":15800,"comment_status":"closed","ping_status":"closed","sticky":false,"template":"","format":"standard","meta":{"om_disable_all_campaigns":false,"_monsterinsights_skip_tracking":false,"_monsterinsights_sitenote_active":false,"_monsterinsights_sitenote_note":"","_monsterinsights_sitenote_category":0,"_uf_show_specific_survey":0,"_uf_disable_surveys":false,"footnotes":""},"categories":[1],"tags":[],"class_list":["post-15799","post","type-post","status-publish","format-standard","has-post-thumbnail","hentry","category-non-classe"],"_links":{"self":[{"href":"https:\/\/elcafedepipa.com\/index.php\/wp-json\/wp\/v2\/posts\/15799","targetHints":{"allow":["GET"]}}],"collection":[{"href":"https:\/\/elcafedepipa.com\/index.php\/wp-json\/wp\/v2\/posts"}],"about":[{"href":"https:\/\/elcafedepipa.com\/index.php\/wp-json\/wp\/v2\/types\/post"}],"author":[{"embeddable":true,"href":"https:\/\/elcafedepipa.com\/index.php\/wp-json\/wp\/v2\/users\/2"}],"replies":[{"embeddable":true,"href":"https:\/\/elcafedepipa.com\/index.php\/wp-json\/wp\/v2\/comments?post=15799"}],"version-history":[{"count":1,"href":"https:\/\/elcafedepipa.com\/index.php\/wp-json\/wp\/v2\/posts\/15799\/revisions"}],"predecessor-version":[{"id":15802,"href":"https:\/\/elcafedepipa.com\/index.php\/wp-json\/wp\/v2\/posts\/15799\/revisions\/15802"}],"wp:featuredmedia":[{"embeddable":true,"href":"https:\/\/elcafedepipa.com\/index.php\/wp-json\/wp\/v2\/media\/15800"}],"wp:attachment":[{"href":"https:\/\/elcafedepipa.com\/index.php\/wp-json\/wp\/v2\/media?parent=15799"}],"wp:term":[{"taxonomy":"category","embeddable":true,"href":"https:\/\/elcafedepipa.com\/index.php\/wp-json\/wp\/v2\/categories?post=15799"},{"taxonomy":"post_tag","embeddable":true,"href":"https:\/\/elcafedepipa.com\/index.php\/wp-json\/wp\/v2\/tags?post=15799"}],"curies":[{"name":"wp","href":"https:\/\/api.w.org\/{rel}","templated":true}]}}