{"id":15794,"date":"2025-07-21T16:10:01","date_gmt":"2025-07-21T14:10:01","guid":{"rendered":"https:\/\/elcafedepipa.com\/?p=15794"},"modified":"2025-07-21T16:10:07","modified_gmt":"2025-07-21T14:10:07","slug":"podcast-la-recepcio-oficial-de-les-xiquetes-i-xiquets-sahrauis-del-programa-vances-en-pau-sera-el-dimecres-al-palau-de-vivel","status":"publish","type":"post","link":"https:\/\/elcafedepipa.com\/index.php\/2025\/07\/21\/podcast-la-recepcio-oficial-de-les-xiquetes-i-xiquets-sahrauis-del-programa-vances-en-pau-sera-el-dimecres-al-palau-de-vivel\/","title":{"rendered":"Podcast | La recepci\u00f3 oficial de les xiquetes i xiquets sahrau\u00eds del programa Vances en pau ser\u00e0 el dimecres al Palau de Vivel"},"content":{"rendered":"\n<figure class=\"wp-block-audio\"><audio controls src=\"https:\/\/elcafedepipa.com\/wp-content\/uploads\/2025\/07\/vacancesenpau.mp3\"><\/audio><\/figure>\n\n\n\n<figure class=\"wp-block-image size-large\"><img fetchpriority=\"high\" decoding=\"async\" width=\"819\" height=\"1024\" src=\"https:\/\/elcafedepipa.com\/wp-content\/uploads\/2025\/07\/vacancespau-819x1024.jpg\" alt=\"\" class=\"wp-image-15796\" srcset=\"https:\/\/elcafedepipa.com\/wp-content\/uploads\/2025\/07\/vacancespau-819x1024.jpg 819w, https:\/\/elcafedepipa.com\/wp-content\/uploads\/2025\/07\/vacancespau-240x300.jpg 240w, https:\/\/elcafedepipa.com\/wp-content\/uploads\/2025\/07\/vacancespau-768x960.jpg 768w, https:\/\/elcafedepipa.com\/wp-content\/uploads\/2025\/07\/vacancespau.jpg 1080w\" sizes=\"(max-width: 819px) 100vw, 819px\" \/><\/figure>\n","protected":false},"excerpt":{"rendered":"","protected":false},"author":2,"featured_media":15795,"comment_status":"closed","ping_status":"closed","sticky":false,"template":"","format":"standard","meta":{"om_disable_all_campaigns":false,"_monsterinsights_skip_tracking":false,"_monsterinsights_sitenote_active":false,"_monsterinsights_sitenote_note":"","_monsterinsights_sitenote_category":0,"_uf_show_specific_survey":0,"_uf_disable_surveys":false,"footnotes":""},"categories":[1],"tags":[],"class_list":["post-15794","post","type-post","status-publish","format-standard","has-post-thumbnail","hentry","category-non-classe"],"_links":{"self":[{"href":"https:\/\/elcafedepipa.com\/index.php\/wp-json\/wp\/v2\/posts\/15794","targetHints":{"allow":["GET"]}}],"collection":[{"href":"https:\/\/elcafedepipa.com\/index.php\/wp-json\/wp\/v2\/posts"}],"about":[{"href":"https:\/\/elcafedepipa.com\/index.php\/wp-json\/wp\/v2\/types\/post"}],"author":[{"embeddable":true,"href":"https:\/\/elcafedepipa.com\/index.php\/wp-json\/wp\/v2\/users\/2"}],"replies":[{"embeddable":true,"href":"https:\/\/elcafedepipa.com\/index.php\/wp-json\/wp\/v2\/comments?post=15794"}],"version-history":[{"count":1,"href":"https:\/\/elcafedepipa.com\/index.php\/wp-json\/wp\/v2\/posts\/15794\/revisions"}],"predecessor-version":[{"id":15798,"href":"https:\/\/elcafedepipa.com\/index.php\/wp-json\/wp\/v2\/posts\/15794\/revisions\/15798"}],"wp:featuredmedia":[{"embeddable":true,"href":"https:\/\/elcafedepipa.com\/index.php\/wp-json\/wp\/v2\/media\/15795"}],"wp:attachment":[{"href":"https:\/\/elcafedepipa.com\/index.php\/wp-json\/wp\/v2\/media?parent=15794"}],"wp:term":[{"taxonomy":"category","embeddable":true,"href":"https:\/\/elcafedepipa.com\/index.php\/wp-json\/wp\/v2\/categories?post=15794"},{"taxonomy":"post_tag","embeddable":true,"href":"https:\/\/elcafedepipa.com\/index.php\/wp-json\/wp\/v2\/tags?post=15794"}],"curies":[{"name":"wp","href":"https:\/\/api.w.org\/{rel}","templated":true}]}}