{"id":15776,"date":"2025-07-19T14:30:00","date_gmt":"2025-07-19T12:30:00","guid":{"rendered":"https:\/\/elcafedepipa.com\/?p=15776"},"modified":"2025-07-18T15:09:20","modified_gmt":"2025-07-18T13:09:20","slug":"les-festes-destiu-de-la-platja-casablanca-dalmenara-tindran-lloc-del-2-al-17-dagost","status":"publish","type":"post","link":"https:\/\/elcafedepipa.com\/index.php\/2025\/07\/19\/les-festes-destiu-de-la-platja-casablanca-dalmenara-tindran-lloc-del-2-al-17-dagost\/","title":{"rendered":"Les festes d&#8217;estiu de la Platja  Casablanca d&#8217;Almenara tindran lloc del 2 al 17 d&#8217;agost"},"content":{"rendered":"\n<p><strong>A m\u00e9s, el dissabte 23 se portar\u00e0 a terme el tradicional Xixo Xixero i les Prefestes 2025<\/strong><\/p>\n\n\n\n<p>L&#8217;Ajuntament d&#8217;Almenara ha presentat la programaci\u00f3 del mes d&#8217;agost en la qual destaca d&#8217;especial manera la celebraci\u00f3 de les tradicionals \u201cFestes d\u2019Estiu de la Platja Casablanca\u201d que es duran a terme amb una variada programaci\u00f3 entre el 2 i el 17 d&#8217;agost.<\/p>\n\n\n\n<p>Com \u00e9s tradicional, les celebracions comen\u00e7aran amb esport, en concret amb la 41 edici\u00f3 de la Volta a Peu a la Platja d\u2019Almenara que arribar\u00e0 el dissabte 2 d&#8217;agost a les 20 hores. Abans, a les 19 hores, ser\u00e0 el torn per als m\u00e9s xicotets i xicotetes. La programaci\u00f3 d&#8217;esdeveniments esportius es completa amb la Travessia nadant que ser\u00e0 el diumenge 10 a les 9 del mat\u00ed.<\/p>\n\n\n\n<p>En l&#8217;apartat musical, dins del cicle M\u00fasica a la Fresca, el diumenge 3 a les 20 hores en la Pla\u00e7a Els Pescadors arribar\u00e0 el Concert d&#8217;Estiu de l\u2019Associaci\u00f3 Musical Santa Cec\u00edlia d&#8217;Almenara. El cicle el tancar\u00e0 el divendres 8 d&#8217;agost a les 22.30 el concert Musicant Estell\u00e9s a c\u00e0rrec d&#8217;Eva G\u00f3mez i Laura Mi\u00f1arro, on presentar\u00e0 la cantautora local el seu nou disc. La cita ser\u00e0 a les 22.30 hores en el Passeig Mar\u00edtim (zona oficina de Turisme).<\/p>\n\n\n\n<p>Pel que respecta a les rutes i visites guiades, el dimarts 5 a les 19 hores ser\u00e0 la programada al Castell i Torre Bivalcadim, mentre que el dimarts 12 (19 hores) i el divendres 22 (nocturna 20.30 hores) seran les visites al Conjunt Memorial de Darrere del Castell-L\u00ednia XYZ. Totes les visites s\u00f3n gratu\u00eftes, per\u00f2 amb inscripci\u00f3 pr\u00e8via en les Oficines de Turisme o en el tel\u00e8fon 660 568 831.<\/p>\n\n\n\n<p><strong>ACTES TAURINS, MUSICALS I FOCS ARTIFICIALS<\/strong><\/p>\n\n\n\n<p>La programaci\u00f3 festiva tamb\u00e9 tindr\u00e0 el seu apartat taur\u00ed amb l&#8217;exhibici\u00f3 de vaques de Juan Faet el dimecres 13 i el dijous 14 a les 19 hores. Tots dos dies tamb\u00e9 hi haur\u00e0 bou embolat de la mateixa ramaderia a les 23.30 hores. A m\u00e9s, el dimecres 13, l&#8217;AC Festes Dalt de la Muralla oferir\u00e0 un bou embolat infantil (carret\u00f3) a les 22.30 hores.<\/p>\n\n\n\n<p>En l&#8217;apartat musical, del 14 al 16 d&#8217;agost, hi haur\u00e0 un cicle de concerts en l&#8217;aparcament del Carrer Costa del Sol. Aix\u00ed, es podr\u00e0 gaudir de Generaci\u00f3n Z (dijous 20 hores), Mikelele i los Bandarras (dijous 22.30 hores), Casablanca Remember Festival ( Divendres 15 des de les 20 hores, amb Jos\u00e9 Coll, Serrano de la Mina, Rafa el Gemelo de Puzzle i Sebas Ghon d\u2019Azza), Rumba Sound (dissabte 16, 20 hores), Tribut a Miguel Bos\u00e9 amb Bose\u00eddo (dissabte 16 a les 22:30 hores) i dues sessions de discom\u00f3vil (dijous 14 i dissabte 16). A m\u00e9s, cada vesprada hi haur\u00e0 tallers infantils a les 19.30 hores en el mateix lloc.<\/p>\n\n\n\n<p>En l&#8217;apartat religi\u00f3s, el dia 16 hi haur\u00e0 missa a les 20 hores i process\u00f3 de Sant Roc per la Platja Casablanca, a les 20.45. A la nit, a les 00.00 des de la Gola de la Llosa, la Pirot\u00e9cnia Hermanos Caballer d&#8217;Almenara disparar\u00e0 des de la Gola de la Llosa l&#8217;esperat Castell de Sant Roc que il\u00b7luminar\u00e0 la mar Mediterr\u00e0nia.<\/p>\n\n\n\n<p><strong>XIXO XIXERO I PROGRAMACI\u00d3 FAMILAR<\/strong><\/p>\n\n\n\n<p>Dins de la programaci\u00f3 familiar, dins de l\u2019Estiuet, el dilluns 4 d&#8217;abril en la zona de l&#8217;Oficina de Turisme es podr\u00e0 veure l&#8217;espai amb l&#8217;activitat Observant la Lluna (21 hores). El dilluns 11, tornar\u00e0 el cinema a vora mar, amb la projecci\u00f3 de la pel\u00b7l\u00edcula Garfield a les 22 hores en el Passeig Mar\u00edtim al costat de l&#8217;Oficina de Turisme. El diumenge 17, a les 20 hores en el Parc Municipal, arribar\u00e0 l&#8217;espectacle \u201cla Magia de un trotamundos\u201d amb David Navares.<\/p>\n\n\n\n<p>L&#8217;esperada nit del \u201cXixo Xixero\u201d amb els fanalets de mel\u00f3 d\u2019Alger ser\u00e0 el dissabte 23 d&#8217;agost a partir de les 22 hores amb la cercavila a c\u00e0rrec de la Colla Garramatxa, per a continuaci\u00f3 la Tourn\u00e9e Teatre oferir al Parc Municipal l&#8217;espectacle Miss Poppins.<\/p>\n\n\n\n<p><strong>PREFESTES<\/strong><\/p>\n\n\n\n<p>Finalment, el 23 d&#8217;agost, en l&#8217;aparcament del carrer Costa del Sol se celebraran les Presfestes 2025 amb dj Royo. Les inscripcions es podran realitzar del 4 al 18 d&#8217;agost a l&#8217;ajuntament.<\/p>\n","protected":false},"excerpt":{"rendered":"<p>A m\u00e9s, el dissabte 23 se portar\u00e0 a terme el tradicional Xixo Xixero i les Prefestes 2025 L&#8217;Ajuntament d&#8217;Almenara ha presentat la programaci\u00f3 del mes d&#8217;agost en la qual destaca d&#8217;especial manera la celebraci\u00f3 de les tradicionals \u201cFestes d\u2019Estiu de la Platja Casablanca\u201d que es duran a terme amb una variada programaci\u00f3 entre el 2 &#8230; <a title=\"Les festes d&#8217;estiu de la Platja  Casablanca d&#8217;Almenara tindran lloc del 2 al 17 d&#8217;agost\" class=\"read-more\" href=\"https:\/\/elcafedepipa.com\/index.php\/2025\/07\/19\/les-festes-destiu-de-la-platja-casablanca-dalmenara-tindran-lloc-del-2-al-17-dagost\/\" aria-label=\"M\u00e9s informaci\u00f3 sobre Les festes d&#8217;estiu de la Platja  Casablanca d&#8217;Almenara tindran lloc del 2 al 17 d&#8217;agost\">Read more<\/a><\/p>\n","protected":false},"author":2,"featured_media":15777,"comment_status":"closed","ping_status":"closed","sticky":false,"template":"","format":"standard","meta":{"om_disable_all_campaigns":false,"_monsterinsights_skip_tracking":false,"_monsterinsights_sitenote_active":false,"_monsterinsights_sitenote_note":"","_monsterinsights_sitenote_category":0,"_uf_show_specific_survey":0,"_uf_disable_surveys":false,"footnotes":""},"categories":[5],"tags":[],"class_list":["post-15776","post","type-post","status-publish","format-standard","has-post-thumbnail","hentry","category-almenara"],"_links":{"self":[{"href":"https:\/\/elcafedepipa.com\/index.php\/wp-json\/wp\/v2\/posts\/15776","targetHints":{"allow":["GET"]}}],"collection":[{"href":"https:\/\/elcafedepipa.com\/index.php\/wp-json\/wp\/v2\/posts"}],"about":[{"href":"https:\/\/elcafedepipa.com\/index.php\/wp-json\/wp\/v2\/types\/post"}],"author":[{"embeddable":true,"href":"https:\/\/elcafedepipa.com\/index.php\/wp-json\/wp\/v2\/users\/2"}],"replies":[{"embeddable":true,"href":"https:\/\/elcafedepipa.com\/index.php\/wp-json\/wp\/v2\/comments?post=15776"}],"version-history":[{"count":1,"href":"https:\/\/elcafedepipa.com\/index.php\/wp-json\/wp\/v2\/posts\/15776\/revisions"}],"predecessor-version":[{"id":15778,"href":"https:\/\/elcafedepipa.com\/index.php\/wp-json\/wp\/v2\/posts\/15776\/revisions\/15778"}],"wp:featuredmedia":[{"embeddable":true,"href":"https:\/\/elcafedepipa.com\/index.php\/wp-json\/wp\/v2\/media\/15777"}],"wp:attachment":[{"href":"https:\/\/elcafedepipa.com\/index.php\/wp-json\/wp\/v2\/media?parent=15776"}],"wp:term":[{"taxonomy":"category","embeddable":true,"href":"https:\/\/elcafedepipa.com\/index.php\/wp-json\/wp\/v2\/categories?post=15776"},{"taxonomy":"post_tag","embeddable":true,"href":"https:\/\/elcafedepipa.com\/index.php\/wp-json\/wp\/v2\/tags?post=15776"}],"curies":[{"name":"wp","href":"https:\/\/api.w.org\/{rel}","templated":true}]}}