{"id":15773,"date":"2025-07-19T12:30:00","date_gmt":"2025-07-19T10:30:00","guid":{"rendered":"https:\/\/elcafedepipa.com\/?p=15773"},"modified":"2025-07-18T15:05:18","modified_gmt":"2025-07-18T13:05:18","slug":"nules-ja-te-cartell-anunciador-de-la-seua-fira-agricola","status":"publish","type":"post","link":"https:\/\/elcafedepipa.com\/index.php\/2025\/07\/19\/nules-ja-te-cartell-anunciador-de-la-seua-fira-agricola\/","title":{"rendered":"Nules ja t\u00e9 cartell anunciador de la seua Fira Agr\u00edcola"},"content":{"rendered":"\n<p><strong>La guanyadora del concurs de disseny del cartell rebr\u00e0 un premi de 300 euros<\/strong><\/p>\n\n\n\n<p>Nules compta ja amb el cartell anunciador de la LXXVIII Fira de Ramaderia i Maquin\u00e0ria Agr\u00edcola, una fira que compta amb el distintiu de Festa d\u2019Inter\u00e8s Tur\u00edstic Auton\u00f2mic.<\/p>\n\n\n\n<p>De fet, Marina Ahis Mallench ha estat la guanyadora del concurs de disseny del cartell anunciador de la Fira Agr\u00edcola que se celebrar\u00e0 els dies del 18 al 21 de setembre. De manera que, la guanyadora rebr\u00e0 un premi de 300 euros, aix\u00ed doncs cal assenyalar, a m\u00e9s, que al concurs s\u2019han presentat un total de 22 treballs procedents de diferents punts de la geografia espanyola.<\/p>\n\n\n\n<p>El jurat ha estat format pels membres de la Comissi\u00f3 de la Fira i per a atorgar aquest premi ha tingut en compte no sols la qualitat art\u00edstica tamb\u00e9 l\u2019originalitat, el valor patrimonial, i en especial, la representativitat i la posada en valor de la fira agr\u00edcola, concedida al municipi de Nules l\u2019any 1347.<\/p>\n\n\n\n<p>Al respecte, el regidor d\u2019Agricultura, C\u00e9sar Esta\u00f1ol, explica que \u201camb aquest concurs es vol posar en valor les principals tradicions emmarcades en la nostra fira agr\u00edcola, alhora que li donem tamb\u00e9 visibilitat\u201d.<\/p>\n","protected":false},"excerpt":{"rendered":"<p>La guanyadora del concurs de disseny del cartell rebr\u00e0 un premi de 300 euros Nules compta ja amb el cartell anunciador de la LXXVIII Fira de Ramaderia i Maquin\u00e0ria Agr\u00edcola, una fira que compta amb el distintiu de Festa d\u2019Inter\u00e8s Tur\u00edstic Auton\u00f2mic. De fet, Marina Ahis Mallench ha estat la guanyadora del concurs de disseny &#8230; <a title=\"Nules ja t\u00e9 cartell anunciador de la seua Fira Agr\u00edcola\" class=\"read-more\" href=\"https:\/\/elcafedepipa.com\/index.php\/2025\/07\/19\/nules-ja-te-cartell-anunciador-de-la-seua-fira-agricola\/\" aria-label=\"M\u00e9s informaci\u00f3 sobre Nules ja t\u00e9 cartell anunciador de la seua Fira Agr\u00edcola\">Read more<\/a><\/p>\n","protected":false},"author":2,"featured_media":15774,"comment_status":"closed","ping_status":"closed","sticky":false,"template":"","format":"standard","meta":{"om_disable_all_campaigns":false,"_monsterinsights_skip_tracking":false,"_monsterinsights_sitenote_active":false,"_monsterinsights_sitenote_note":"","_monsterinsights_sitenote_category":0,"_uf_show_specific_survey":0,"_uf_disable_surveys":false,"footnotes":""},"categories":[3],"tags":[],"class_list":["post-15773","post","type-post","status-publish","format-standard","has-post-thumbnail","hentry","category-nules"],"_links":{"self":[{"href":"https:\/\/elcafedepipa.com\/index.php\/wp-json\/wp\/v2\/posts\/15773","targetHints":{"allow":["GET"]}}],"collection":[{"href":"https:\/\/elcafedepipa.com\/index.php\/wp-json\/wp\/v2\/posts"}],"about":[{"href":"https:\/\/elcafedepipa.com\/index.php\/wp-json\/wp\/v2\/types\/post"}],"author":[{"embeddable":true,"href":"https:\/\/elcafedepipa.com\/index.php\/wp-json\/wp\/v2\/users\/2"}],"replies":[{"embeddable":true,"href":"https:\/\/elcafedepipa.com\/index.php\/wp-json\/wp\/v2\/comments?post=15773"}],"version-history":[{"count":1,"href":"https:\/\/elcafedepipa.com\/index.php\/wp-json\/wp\/v2\/posts\/15773\/revisions"}],"predecessor-version":[{"id":15775,"href":"https:\/\/elcafedepipa.com\/index.php\/wp-json\/wp\/v2\/posts\/15773\/revisions\/15775"}],"wp:featuredmedia":[{"embeddable":true,"href":"https:\/\/elcafedepipa.com\/index.php\/wp-json\/wp\/v2\/media\/15774"}],"wp:attachment":[{"href":"https:\/\/elcafedepipa.com\/index.php\/wp-json\/wp\/v2\/media?parent=15773"}],"wp:term":[{"taxonomy":"category","embeddable":true,"href":"https:\/\/elcafedepipa.com\/index.php\/wp-json\/wp\/v2\/categories?post=15773"},{"taxonomy":"post_tag","embeddable":true,"href":"https:\/\/elcafedepipa.com\/index.php\/wp-json\/wp\/v2\/tags?post=15773"}],"curies":[{"name":"wp","href":"https:\/\/api.w.org\/{rel}","templated":true}]}}