{"id":15768,"date":"2025-07-19T11:00:00","date_gmt":"2025-07-19T09:00:00","guid":{"rendered":"https:\/\/elcafedepipa.com\/?p=15768"},"modified":"2025-07-18T14:58:35","modified_gmt":"2025-07-18T12:58:35","slug":"la-unio-presenta-una-mocio-perque-els-ajuntaments-reben-ajudes-per-realitzar-un-cens-de-parcelles-agricoles-abandonades-i-les-netegen","status":"publish","type":"post","link":"https:\/\/elcafedepipa.com\/index.php\/2025\/07\/19\/la-unio-presenta-una-mocio-perque-els-ajuntaments-reben-ajudes-per-realitzar-un-cens-de-parcelles-agricoles-abandonades-i-les-netegen\/","title":{"rendered":"LA UNI\u00d3 presenta una moci\u00f3 perqu\u00e8 els Ajuntaments reben ajudes per realitzar un cens de parcel\u00b7les agr\u00edcoles abandonades i les netegen."},"content":{"rendered":"\n<p>La Uni\u00f3 Llauradora i Ramadera ha presentat una proposta de moci\u00f3 a fi que la Generalitat estableixca una l\u00ednia d&#8217;ajudes espec\u00edfica i urgent perqu\u00e8 els Ajuntaments puguin realitzar un cens de parcel\u00b7les agr\u00edcoles abandonades i duguin a terme tamb\u00e9 posteriorment actuacions de neteja i manteniment preventiu d&#8217;aquestes.<br>L&#8217;organitzaci\u00f3 assenyala que, en els darrers anys, nombroses comarques de la Comunitat Valenciana estan patint de manera creixent els efectes negatius de la proliferaci\u00f3 de fauna salvatge, especialment conills i porcs senglars, que provoquen greus danys a les explotacions agr\u00e0ries. Les p\u00e8rdues ocasionades durant el passat any al camp valenci\u00e0 s\u00f3n superiors als 50 milions d&#8217;euros.<\/p>\n\n\n\n<p>Paral\u00b7lelament a aquesta situaci\u00f3, s&#8217;estan produint conats d&#8217;incendis en parcel\u00b7les agr\u00edcoles abandonades ubicades a zones periurbanes o properes a camps actius, amb afectacions a cultius, infraestructures i al medi natural.<br>Aquestes parcel\u00b7les abandonades actuen a m\u00e9s com a reservori de fauna silvestre, per\u00f2 tamb\u00e9 com a focus de plagues per als arbres i com a potencial inici de focs, especialment amb temperatures elevades com aquest estiu i durant els mesos de calor. En alguns municipis ja s&#8217;han registrat en els darrers temps situacions de risc real, tant per la fauna com pels incendis.<br>Segons el parer de LA UNI\u00d3, el problema \u00e9s estructural i no pot recaure \u00fanicament sobre els ajuntaments, que no disposen de mitjans suficients per abordar el cens, la gesti\u00f3 i la neteja de totes aquestes superf\u00edcies abandonades. En alguns casos, els Consistoris insten els propietaris a netejar les parcel\u00b7les abandonades amb nul resultat o fins i tot plantegen sancions que no solen tenir efecte perqu\u00e8 o b\u00e9 no s&#8217;apliquen o el proc\u00e9s resultat massa lent.<\/p>\n\n\n\n<p>Per aix\u00f2 LA UNI\u00d3 proposa que la Generalitat assumeixca ja de manera urgent el lideratge davant d&#8217;aquest greu problema amb una resposta coordinada i dotada de recursos, impulsant una l\u00ednia d&#8217;ajudes espec\u00edfica per als ajuntaments.<br>Aquesta l\u00ednia s&#8217;hauria de finan\u00e7ar en coordinaci\u00f3 amb totes les conselleries competents: agricultura, medi ambient, i qualsevol altra amb responsabilitats en mat\u00e8ria de territori, emerg\u00e8ncies o desenvolupament rural.<br>La UNI\u00d3 insta els Ajuntaments a traslladar l&#8217;acord en cas que siga aprovat a elles mateixes, la Conselleria d&#8217;Agricultura, Aigua, Ramaderia i Pesca; a la Conselleria de Medi Ambient, Infraestructures i Territori i als grups parlamentaris amb representaci\u00f3 a les Corts Valencianes.<\/p>\n\n\n\n<p><br>Tamb\u00e9 els demana que facen p\u00fablic aquest acord a trav\u00e9s dels canals de comunicaci\u00f3 municipals i comarcals per mostrar el suport de la localitat al sector agrari local en la defensa dels cultius i explotacions.<\/p>\n\n\n\n<p><\/p>\n","protected":false},"excerpt":{"rendered":"<p>La Uni\u00f3 Llauradora i Ramadera ha presentat una proposta de moci\u00f3 a fi que la Generalitat estableixca una l\u00ednia d&#8217;ajudes espec\u00edfica i urgent perqu\u00e8 els Ajuntaments puguin realitzar un cens de parcel\u00b7les agr\u00edcoles abandonades i duguin a terme tamb\u00e9 posteriorment actuacions de neteja i manteniment preventiu d&#8217;aquestes.L&#8217;organitzaci\u00f3 assenyala que, en els darrers anys, nombroses comarques &#8230; <a title=\"LA UNI\u00d3 presenta una moci\u00f3 perqu\u00e8 els Ajuntaments reben ajudes per realitzar un cens de parcel\u00b7les agr\u00edcoles abandonades i les netegen.\" class=\"read-more\" href=\"https:\/\/elcafedepipa.com\/index.php\/2025\/07\/19\/la-unio-presenta-una-mocio-perque-els-ajuntaments-reben-ajudes-per-realitzar-un-cens-de-parcelles-agricoles-abandonades-i-les-netegen\/\" aria-label=\"M\u00e9s informaci\u00f3 sobre LA UNI\u00d3 presenta una moci\u00f3 perqu\u00e8 els Ajuntaments reben ajudes per realitzar un cens de parcel\u00b7les agr\u00edcoles abandonades i les netegen.\">Read more<\/a><\/p>\n","protected":false},"author":2,"featured_media":15769,"comment_status":"closed","ping_status":"closed","sticky":false,"template":"","format":"standard","meta":{"om_disable_all_campaigns":false,"_monsterinsights_skip_tracking":false,"_monsterinsights_sitenote_active":false,"_monsterinsights_sitenote_note":"","_monsterinsights_sitenote_category":0,"_uf_show_specific_survey":0,"_uf_disable_surveys":false,"footnotes":""},"categories":[1],"tags":[],"class_list":["post-15768","post","type-post","status-publish","format-standard","has-post-thumbnail","hentry","category-non-classe"],"_links":{"self":[{"href":"https:\/\/elcafedepipa.com\/index.php\/wp-json\/wp\/v2\/posts\/15768","targetHints":{"allow":["GET"]}}],"collection":[{"href":"https:\/\/elcafedepipa.com\/index.php\/wp-json\/wp\/v2\/posts"}],"about":[{"href":"https:\/\/elcafedepipa.com\/index.php\/wp-json\/wp\/v2\/types\/post"}],"author":[{"embeddable":true,"href":"https:\/\/elcafedepipa.com\/index.php\/wp-json\/wp\/v2\/users\/2"}],"replies":[{"embeddable":true,"href":"https:\/\/elcafedepipa.com\/index.php\/wp-json\/wp\/v2\/comments?post=15768"}],"version-history":[{"count":1,"href":"https:\/\/elcafedepipa.com\/index.php\/wp-json\/wp\/v2\/posts\/15768\/revisions"}],"predecessor-version":[{"id":15770,"href":"https:\/\/elcafedepipa.com\/index.php\/wp-json\/wp\/v2\/posts\/15768\/revisions\/15770"}],"wp:featuredmedia":[{"embeddable":true,"href":"https:\/\/elcafedepipa.com\/index.php\/wp-json\/wp\/v2\/media\/15769"}],"wp:attachment":[{"href":"https:\/\/elcafedepipa.com\/index.php\/wp-json\/wp\/v2\/media?parent=15768"}],"wp:term":[{"taxonomy":"category","embeddable":true,"href":"https:\/\/elcafedepipa.com\/index.php\/wp-json\/wp\/v2\/categories?post=15768"},{"taxonomy":"post_tag","embeddable":true,"href":"https:\/\/elcafedepipa.com\/index.php\/wp-json\/wp\/v2\/tags?post=15768"}],"curies":[{"name":"wp","href":"https:\/\/api.w.org\/{rel}","templated":true}]}}