{"id":15757,"date":"2025-07-18T14:15:25","date_gmt":"2025-07-18T12:15:25","guid":{"rendered":"https:\/\/elcafedepipa.com\/?p=15757"},"modified":"2025-07-18T14:15:25","modified_gmt":"2025-07-18T12:15:25","slug":"el-nou-espai-jove-de-moncofa-obri-les-portes-amb-una-gran-festa-el-20-de-juliol","status":"publish","type":"post","link":"https:\/\/elcafedepipa.com\/index.php\/2025\/07\/18\/el-nou-espai-jove-de-moncofa-obri-les-portes-amb-una-gran-festa-el-20-de-juliol\/","title":{"rendered":"El nou Espai Jove de Moncofa obri les portes amb una gran festa el 20 de juliol"},"content":{"rendered":"\n<p>Diumenge Moncofa celebrar\u00e0 la gran inauguraci\u00f3 de l&#8217;Espai Jove, un nou espai municipal destinat a la joventut i pensat per a oferir alternatives d&#8217;oci saludable i activitats per als m\u00e9s j\u00f3vens del municipi. La cita ser\u00e0 de 19 a 21 hores al carrer Sant Ramon, 40, amb una festa a l&#8217;altura del nou recinte.<\/p>\n\n\n\n<p>L&#8217;alcalde de Moncofa, Wences Al\u00f3s Valls, ha destacat que \u201ceste nou Espai Jove \u00e9s una aposta clara per oferir als nostres j\u00f3vens un lloc on reunir-se, gaudir i realitzar activitats de manera segura i saludable. Volem que siga un punt de trobada per a la joventut de Moncofa\u201d.<\/p>\n\n\n\n<p>Per part seua, la regidora de Joventut, Arantxa Igual, ha subratllat: \u201cHem dissenyat un espai amb m\u00faltiples serveis per a tots els gustos: futbol\u00ed, una taula multiusos per a billar i ping-pong, ordinadors per a \u00fas de la joventut i zona de videojocs\u201d. La inauguraci\u00f3 comptar\u00e0 amb barra lliure de c\u00f2ctels sense alcohol, un DJ, bou mec\u00e0nic i moltes sorpreses.<\/p>\n\n\n\n<p>Despr\u00e9s d&#8217;una ambiciosa remodelaci\u00f3 que ha incl\u00f2s tamb\u00e9 l&#8217;ampliaci\u00f3 de l&#8217;arxiu municipal, l&#8217;Espai Jove se suma a les iniciatives de l&#8217;Ajuntament de Moncofa per millorar les infraestructures juvenils i fomentar alternatives d&#8217;oci educatiu. \u201cConvidem a tots els ve\u00efns i ve\u00efnes a vindre a con\u00e9ixer l&#8217;Espai Jove i gaudir d&#8217;esta jornada festiva, perqu\u00e8 Moncofa continue sent un referent en activitats per a la joventut\u201d, ha afegit l&#8217;alcalde.<\/p>\n","protected":false},"excerpt":{"rendered":"<p>Diumenge Moncofa celebrar\u00e0 la gran inauguraci\u00f3 de l&#8217;Espai Jove, un nou espai municipal destinat a la joventut i pensat per a oferir alternatives d&#8217;oci saludable i activitats per als m\u00e9s j\u00f3vens del municipi. La cita ser\u00e0 de 19 a 21 hores al carrer Sant Ramon, 40, amb una festa a l&#8217;altura del nou recinte. L&#8217;alcalde &#8230; <a title=\"El nou Espai Jove de Moncofa obri les portes amb una gran festa el 20 de juliol\" class=\"read-more\" href=\"https:\/\/elcafedepipa.com\/index.php\/2025\/07\/18\/el-nou-espai-jove-de-moncofa-obri-les-portes-amb-una-gran-festa-el-20-de-juliol\/\" aria-label=\"M\u00e9s informaci\u00f3 sobre El nou Espai Jove de Moncofa obri les portes amb una gran festa el 20 de juliol\">Read more<\/a><\/p>\n","protected":false},"author":2,"featured_media":15758,"comment_status":"closed","ping_status":"closed","sticky":false,"template":"","format":"standard","meta":{"om_disable_all_campaigns":false,"_monsterinsights_skip_tracking":false,"_monsterinsights_sitenote_active":false,"_monsterinsights_sitenote_note":"","_monsterinsights_sitenote_category":0,"_uf_show_specific_survey":0,"_uf_disable_surveys":false,"footnotes":""},"categories":[4],"tags":[],"class_list":["post-15757","post","type-post","status-publish","format-standard","has-post-thumbnail","hentry","category-moncofa"],"_links":{"self":[{"href":"https:\/\/elcafedepipa.com\/index.php\/wp-json\/wp\/v2\/posts\/15757","targetHints":{"allow":["GET"]}}],"collection":[{"href":"https:\/\/elcafedepipa.com\/index.php\/wp-json\/wp\/v2\/posts"}],"about":[{"href":"https:\/\/elcafedepipa.com\/index.php\/wp-json\/wp\/v2\/types\/post"}],"author":[{"embeddable":true,"href":"https:\/\/elcafedepipa.com\/index.php\/wp-json\/wp\/v2\/users\/2"}],"replies":[{"embeddable":true,"href":"https:\/\/elcafedepipa.com\/index.php\/wp-json\/wp\/v2\/comments?post=15757"}],"version-history":[{"count":1,"href":"https:\/\/elcafedepipa.com\/index.php\/wp-json\/wp\/v2\/posts\/15757\/revisions"}],"predecessor-version":[{"id":15759,"href":"https:\/\/elcafedepipa.com\/index.php\/wp-json\/wp\/v2\/posts\/15757\/revisions\/15759"}],"wp:featuredmedia":[{"embeddable":true,"href":"https:\/\/elcafedepipa.com\/index.php\/wp-json\/wp\/v2\/media\/15758"}],"wp:attachment":[{"href":"https:\/\/elcafedepipa.com\/index.php\/wp-json\/wp\/v2\/media?parent=15757"}],"wp:term":[{"taxonomy":"category","embeddable":true,"href":"https:\/\/elcafedepipa.com\/index.php\/wp-json\/wp\/v2\/categories?post=15757"},{"taxonomy":"post_tag","embeddable":true,"href":"https:\/\/elcafedepipa.com\/index.php\/wp-json\/wp\/v2\/tags?post=15757"}],"curies":[{"name":"wp","href":"https:\/\/api.w.org\/{rel}","templated":true}]}}