{"id":15750,"date":"2025-07-18T14:08:50","date_gmt":"2025-07-18T12:08:50","guid":{"rendered":"https:\/\/elcafedepipa.com\/?p=15750"},"modified":"2025-07-18T14:08:51","modified_gmt":"2025-07-18T12:08:51","slug":"lajuntament-de-la-vall-duixo-anuncia-una-reduccio-del-deute-a-un-terc-en-10-anys","status":"publish","type":"post","link":"https:\/\/elcafedepipa.com\/index.php\/2025\/07\/18\/lajuntament-de-la-vall-duixo-anuncia-una-reduccio-del-deute-a-un-terc-en-10-anys\/","title":{"rendered":"L&#8217;Ajuntament de la Vall d&#8217;Uix\u00f3 anuncia una reducci\u00f3 del deute  a un ter\u00e7 en 10 anys"},"content":{"rendered":"\n<p><strong>La c\u00e0rrega per habitant ha passat de ser de 968 euros el 2015 a ser de 306 euros actualment<\/strong><\/p>\n\n\n\n<p>L&#8217;Ajuntament de la Vall d&#8217;Uix\u00f3 ha redu\u00eft un ter\u00e7 el deute municipal en 10 anys. El 2015 la c\u00e0rrega era de 26 milions d&#8217;euros, als quals es van afegir 5 milions m\u00e9s per pagar sent\u00e8ncies judicials derivades de la gesti\u00f3 anterior. Una &#8220;hipoteca de 31 milions d&#8217;euros&#8221; que ara s&#8217;ha rebaixat &#8220;fins a 9,8 milions d&#8217;euros&#8221;, tal com ha posat en valor la regidora d&#8217;Hisenda, Zaida Moreno.<\/p>\n\n\n\n<p>Quan es compleixen 10 anys de l&#8217;arribada de l&#8217;actual govern \u201cno \u00e9s una data simb\u00f2lica, sin\u00f3 tamb\u00e9 una bona oportunitat per explicar on \u00e9rem fa una d\u00e8cada i on som ara, perqu\u00e8 la gesti\u00f3 econ\u00f2mica no \u00e9s abstracta sin\u00f3 que t\u00e9 conseq\u00fc\u00e8ncies reals a la vida de les persones\u201d, ha remarcat la regidora. I \u00e9s que el deute per habitant ha passat de ser de 968 euros fa 10 anys als 306 actuals.<\/p>\n\n\n\n<p>Aquesta reducci\u00f3 de 21 milions \u201cl&#8217;hem fet gr\u00e0cies a una bona gesti\u00f3 econ\u00f2mica i financera, sense retallar serveis i invertint a la ciutat ia les persones\u201d. Tot i que ha estat un esfor\u00e7 que tamb\u00e9 \u201cha suposat ren\u00fancies, perqu\u00e8 s\u00f3n diners que s&#8217;haguessin pogut destinar a altres q\u00fcestions necess\u00e0ries i de millora de la Vall d\u2019Uix\u00f3\u201d.<\/p>\n\n\n\n<p>Segons les dades oficials de deute viu publicades recentment pel Ministeri d&#8217;Hisenda, la Vall d&#8217;Uix\u00f3 ha estat el segon municipi de la prov\u00edncia de Castell\u00f3 que m\u00e9s deute ha amortitzat el 2024: 1,2 milions d&#8217;euros. Una tend\u00e8ncia que continua aquest any, at\u00e8s que est\u00e0 previst cancel\u00b7lar 1,3 milions m\u00e9s, en la l\u00ednia de \u201ccontinuar reduint la c\u00e0rrega financera de l&#8217;Ajuntament i guanyar capacitat per fer pol\u00edtiques \u00fatils per a la gent\u201d.<\/p>\n\n\n\n<p>La regidora d&#8217;Hisenda ha assenyalat que aquestes dades &#8220;s\u00f3n la difer\u00e8ncia entre una manera de governar i una altra, entre el descontrol i la responsabilitat, entre la improvisaci\u00f3 i la planificaci\u00f3, entre carregar el pes sobre els ve\u00efns i les ve\u00efnes o cuidar cada euro com si fos propi&#8221;. Per aix\u00f2 s&#8217;est\u00e0 treballant a \u201csanejar els comptes municipals des del rigor, el respecte pels diners p\u00fablics i la transpar\u00e8ncia\u201d.<\/p>\n\n\n\n<p><\/p>\n","protected":false},"excerpt":{"rendered":"<p>La c\u00e0rrega per habitant ha passat de ser de 968 euros el 2015 a ser de 306 euros actualment L&#8217;Ajuntament de la Vall d&#8217;Uix\u00f3 ha redu\u00eft un ter\u00e7 el deute municipal en 10 anys. El 2015 la c\u00e0rrega era de 26 milions d&#8217;euros, als quals es van afegir 5 milions m\u00e9s per pagar sent\u00e8ncies judicials &#8230; <a title=\"L&#8217;Ajuntament de la Vall d&#8217;Uix\u00f3 anuncia una reducci\u00f3 del deute  a un ter\u00e7 en 10 anys\" class=\"read-more\" href=\"https:\/\/elcafedepipa.com\/index.php\/2025\/07\/18\/lajuntament-de-la-vall-duixo-anuncia-una-reduccio-del-deute-a-un-terc-en-10-anys\/\" aria-label=\"M\u00e9s informaci\u00f3 sobre L&#8217;Ajuntament de la Vall d&#8217;Uix\u00f3 anuncia una reducci\u00f3 del deute  a un ter\u00e7 en 10 anys\">Read more<\/a><\/p>\n","protected":false},"author":2,"featured_media":15751,"comment_status":"closed","ping_status":"closed","sticky":false,"template":"","format":"standard","meta":{"om_disable_all_campaigns":false,"_monsterinsights_skip_tracking":false,"_monsterinsights_sitenote_active":false,"_monsterinsights_sitenote_note":"","_monsterinsights_sitenote_category":0,"_uf_show_specific_survey":0,"_uf_disable_surveys":false,"footnotes":""},"categories":[1],"tags":[],"class_list":["post-15750","post","type-post","status-publish","format-standard","has-post-thumbnail","hentry","category-non-classe"],"_links":{"self":[{"href":"https:\/\/elcafedepipa.com\/index.php\/wp-json\/wp\/v2\/posts\/15750","targetHints":{"allow":["GET"]}}],"collection":[{"href":"https:\/\/elcafedepipa.com\/index.php\/wp-json\/wp\/v2\/posts"}],"about":[{"href":"https:\/\/elcafedepipa.com\/index.php\/wp-json\/wp\/v2\/types\/post"}],"author":[{"embeddable":true,"href":"https:\/\/elcafedepipa.com\/index.php\/wp-json\/wp\/v2\/users\/2"}],"replies":[{"embeddable":true,"href":"https:\/\/elcafedepipa.com\/index.php\/wp-json\/wp\/v2\/comments?post=15750"}],"version-history":[{"count":1,"href":"https:\/\/elcafedepipa.com\/index.php\/wp-json\/wp\/v2\/posts\/15750\/revisions"}],"predecessor-version":[{"id":15752,"href":"https:\/\/elcafedepipa.com\/index.php\/wp-json\/wp\/v2\/posts\/15750\/revisions\/15752"}],"wp:featuredmedia":[{"embeddable":true,"href":"https:\/\/elcafedepipa.com\/index.php\/wp-json\/wp\/v2\/media\/15751"}],"wp:attachment":[{"href":"https:\/\/elcafedepipa.com\/index.php\/wp-json\/wp\/v2\/media?parent=15750"}],"wp:term":[{"taxonomy":"category","embeddable":true,"href":"https:\/\/elcafedepipa.com\/index.php\/wp-json\/wp\/v2\/categories?post=15750"},{"taxonomy":"post_tag","embeddable":true,"href":"https:\/\/elcafedepipa.com\/index.php\/wp-json\/wp\/v2\/tags?post=15750"}],"curies":[{"name":"wp","href":"https:\/\/api.w.org\/{rel}","templated":true}]}}