{"id":15747,"date":"2025-07-18T11:30:14","date_gmt":"2025-07-18T09:30:14","guid":{"rendered":"https:\/\/elcafedepipa.com\/?p=15747"},"modified":"2025-07-18T11:30:14","modified_gmt":"2025-07-18T09:30:14","slug":"les-diferents-forces-de-seguretat-coordinen-els-dispositius-per-a-les-festes-dagost","status":"publish","type":"post","link":"https:\/\/elcafedepipa.com\/index.php\/2025\/07\/18\/les-diferents-forces-de-seguretat-coordinen-els-dispositius-per-a-les-festes-dagost\/","title":{"rendered":"Les diferents forces de Seguretat coordinen els dispositius per a les festes d&#8217;agost"},"content":{"rendered":"\n<p><strong>Al mes de juny s\u2019ha registrat una estabilitzaci\u00f3 en les dades de robatoris en relaci\u00f3 als mesos de principi d\u2019any<\/strong><\/p>\n\n\n\n<p>La Junta Local de Seguretat s\u2019ha reunit a Nules per a tractar i coordinar diferents assumptes relacionats amb la seguretat de les festes de Sant Roc, que tindran lloc del 2 al 16 d\u2019agost a les platges de Nules, i de les festes patronals en honor a Sant Bartomeu que se celebraran els dies del 22 al 31 d\u2019agost.<\/p>\n\n\n\n<p>La junta ha estat presidida&nbsp; per l\u2019Alcalde de Nules, David Garc\u00eda, i per la Subdelegada del Govern a Castell\u00f3, Antonia Garc\u00eda, i ha comptat amb la pres\u00e8ncia de la regidora de Festes, Blanca Silvestre, i del regidor de la Brigada Municipal, Ram\u00f3n Lucas, a m\u00e9s de representants de les forces de seguretat com ara la Gu\u00e0rdia Civil, Policia Nacional adscrita a la Generalitat Valenciana i Policia Local, i de representants de Protecci\u00f3 Civil, Creu Roja, Parc de Bombers i Centre de Salut.<\/p>\n\n\n\n<p>\u201cHem demanat col\u00b7laboraci\u00f3 i coordinaci\u00f3 de les diferents forces de seguretat per als dies de festes, de manera que hem repassat tots els actes de festes per a veure els efectius necessaris per a aix\u00ed garantir la seguretat ciutadana durant els dies festius tant a la platja com al poble. Per tant, tindrem un dispositiu especial en els actes m\u00e9s multitudinaris\u201d, assenyala l\u2019alcalde de Nules i regidor de Seguretat i Policia Local, David Garc\u00eda.<\/p>\n\n\n\n<p>A m\u00e9s, tamb\u00e9 s\u2019ha valorat positivament el funcionament del programa Viogen a la localitat de Nules. De fet, entre els assumptes tractats cal destacar la instal\u00b7laci\u00f3 de Punts Violeta en els principals actes de les festes patronals en honor a Sant Bartomeu.<\/p>\n\n\n\n<p><strong>Seguretat ciutadana<\/strong><\/p>\n\n\n\n<p>Per altra banda, tamb\u00e9 s\u2019han exposat diferents temes relacionats amb la seguretat ciutadana del municipi, on s\u2019ha destacat una estabilitzaci\u00f3 a les dades<\/p>\n\n\n\n<p>relacionades amb robatoris a la localitat, davant a\u00e7\u00f2 l\u2019alcalde explica que \u201c\u00e9s veritat que a principis d\u2019any varem registrar un repunt de robatoris tant al camp com a habitatges per\u00f2 al mes de juny les dades indiquen que hi ha una estabilitat fruit de les mesures preses per tallar aquest increment de robatoris al nostre municipi\u201d.<\/p>\n\n\n\n<p>De manera que, l\u2019Alcalde de Nules ha reclamat tamb\u00e9 una major coordinaci\u00f3 entre les diferents forces de seguretat i m\u00e9s efectius per a vigilar el terme municipal.<\/p>\n\n\n\n<p>Aix\u00ed mateix, s\u2019ha tractat en aquesta Junta Local de Seguretat alguns casos conflictius d\u2019ocupaci\u00f3 d\u2019habitatges; al mateix temps que des de la Subdelegaci\u00f3 del Govern s\u2019ha confirmat tamb\u00e9 que des del Govern d\u2019Espanya es va a destinar finan\u00e7ament per a la realitzaci\u00f3 d\u2019actuacions de millora de la caserna de la Gu\u00e0rdia Civil.<\/p>\n","protected":false},"excerpt":{"rendered":"<p>Al mes de juny s\u2019ha registrat una estabilitzaci\u00f3 en les dades de robatoris en relaci\u00f3 als mesos de principi d\u2019any La Junta Local de Seguretat s\u2019ha reunit a Nules per a tractar i coordinar diferents assumptes relacionats amb la seguretat de les festes de Sant Roc, que tindran lloc del 2 al 16 d\u2019agost a &#8230; <a title=\"Les diferents forces de Seguretat coordinen els dispositius per a les festes d&#8217;agost\" class=\"read-more\" href=\"https:\/\/elcafedepipa.com\/index.php\/2025\/07\/18\/les-diferents-forces-de-seguretat-coordinen-els-dispositius-per-a-les-festes-dagost\/\" aria-label=\"M\u00e9s informaci\u00f3 sobre Les diferents forces de Seguretat coordinen els dispositius per a les festes d&#8217;agost\">Read more<\/a><\/p>\n","protected":false},"author":2,"featured_media":15748,"comment_status":"closed","ping_status":"closed","sticky":false,"template":"","format":"standard","meta":{"om_disable_all_campaigns":false,"_monsterinsights_skip_tracking":false,"_monsterinsights_sitenote_active":false,"_monsterinsights_sitenote_note":"","_monsterinsights_sitenote_category":0,"_uf_show_specific_survey":0,"_uf_disable_surveys":false,"footnotes":""},"categories":[3],"tags":[],"class_list":["post-15747","post","type-post","status-publish","format-standard","has-post-thumbnail","hentry","category-nules"],"_links":{"self":[{"href":"https:\/\/elcafedepipa.com\/index.php\/wp-json\/wp\/v2\/posts\/15747","targetHints":{"allow":["GET"]}}],"collection":[{"href":"https:\/\/elcafedepipa.com\/index.php\/wp-json\/wp\/v2\/posts"}],"about":[{"href":"https:\/\/elcafedepipa.com\/index.php\/wp-json\/wp\/v2\/types\/post"}],"author":[{"embeddable":true,"href":"https:\/\/elcafedepipa.com\/index.php\/wp-json\/wp\/v2\/users\/2"}],"replies":[{"embeddable":true,"href":"https:\/\/elcafedepipa.com\/index.php\/wp-json\/wp\/v2\/comments?post=15747"}],"version-history":[{"count":1,"href":"https:\/\/elcafedepipa.com\/index.php\/wp-json\/wp\/v2\/posts\/15747\/revisions"}],"predecessor-version":[{"id":15749,"href":"https:\/\/elcafedepipa.com\/index.php\/wp-json\/wp\/v2\/posts\/15747\/revisions\/15749"}],"wp:featuredmedia":[{"embeddable":true,"href":"https:\/\/elcafedepipa.com\/index.php\/wp-json\/wp\/v2\/media\/15748"}],"wp:attachment":[{"href":"https:\/\/elcafedepipa.com\/index.php\/wp-json\/wp\/v2\/media?parent=15747"}],"wp:term":[{"taxonomy":"category","embeddable":true,"href":"https:\/\/elcafedepipa.com\/index.php\/wp-json\/wp\/v2\/categories?post=15747"},{"taxonomy":"post_tag","embeddable":true,"href":"https:\/\/elcafedepipa.com\/index.php\/wp-json\/wp\/v2\/tags?post=15747"}],"curies":[{"name":"wp","href":"https:\/\/api.w.org\/{rel}","templated":true}]}}