{"id":15744,"date":"2025-07-18T11:27:25","date_gmt":"2025-07-18T09:27:25","guid":{"rendered":"https:\/\/elcafedepipa.com\/?p=15744"},"modified":"2025-07-18T11:27:25","modified_gmt":"2025-07-18T09:27:25","slug":"la-xv-fira-comercial-destiu-a-la-mar-dalmenara-se-celebrara-del-24-al-27-de-juliol","status":"publish","type":"post","link":"https:\/\/elcafedepipa.com\/index.php\/2025\/07\/18\/la-xv-fira-comercial-destiu-a-la-mar-dalmenara-se-celebrara-del-24-al-27-de-juliol\/","title":{"rendered":"La XV fira comercial d\u2019estiu a la mar d&#8217;Almenara se celebrar\u00e0 del 24 al 27 de juliol"},"content":{"rendered":"\n<p><strong>Ser\u00e0 en el Passeig Mar\u00edtim de la Platja Casablanca en la zona de l&#8217;Oficina de Turisme<\/strong><\/p>\n\n\n\n<p>La Regidoria de Turisme i Comer\u00e7 d&#8217;Almenara ja est\u00e0 ultimant la XV edici\u00f3 de la Fira Comercial d\u2019Estiu a la Mar, que se celebrar\u00e0 la setmana vinent entre el dijous 24 i el diumenge 27 de juliol en el Passeig Mar\u00edtim de la Platja Casablanca d&#8217;Almenara, en la zona de l&#8217;Oficina de Turisme.<\/p>\n\n\n\n<p>Un any m\u00e9s l&#8217;esdeveniment ser\u00e0 un gran aparador del comer\u00e7 local d&#8217;Almenara al costat de la Mar Mediterr\u00e0nia. A partir de les 20 hores i al llarg de quatre jornades es podran trobar les novetats i promocions dels establiments participants en diversos sectors. Tamb\u00e9 hi haur\u00e0, com de costum, una \u00e0rea gastron\u00f2mica i m\u00fasica en directe cada jornada.<\/p>\n\n\n\n<p>Al mateix temps durant la Fira a la Mar es duran a terme activitats com el Tribut a M-Clan a c\u00e0rrec del grup local M-Plan el divendres 25 a les 22.30 hores. Tamb\u00e9 destaca entre la programaci\u00f3 el ja tradicional i esperada desfilada de moda i complements de Chelo Agramunt, que es dur\u00e0 a terme en la passarel\u00b7la situada al costat de la mar Mediterr\u00e0nia. Ser\u00e0 el dissabte 26 a les 23:45 hores.<\/p>\n\n\n\n<p>Finalment, cal destacar que hi haur\u00e0 jocs i activitats per a xiquets i xiquetes el diumenge a partir de les 19 hores.<\/p>\n\n\n\n<p>L&#8217;alcaldessa d&#8217;Almenara, Est\u00edbaliz P\u00e9rez, ha destacat que \u201cun any m\u00e9s, i ja s\u00f3n 15, preparem amb il\u00b7lusi\u00f3 aquest aparador comercial i d&#8217;activitats al costat de la mar Mediterr\u00e0nia al qual convidem als ve\u00efns i a les ve\u00efnes d&#8217;Almenara, aix\u00ed com als visitants\u201d amb la finalitat que \u201cconeguen el nostre comer\u00e7 i les nostres platges\u201d.<\/p>\n","protected":false},"excerpt":{"rendered":"<p>Ser\u00e0 en el Passeig Mar\u00edtim de la Platja Casablanca en la zona de l&#8217;Oficina de Turisme La Regidoria de Turisme i Comer\u00e7 d&#8217;Almenara ja est\u00e0 ultimant la XV edici\u00f3 de la Fira Comercial d\u2019Estiu a la Mar, que se celebrar\u00e0 la setmana vinent entre el dijous 24 i el diumenge 27 de juliol en el &#8230; <a title=\"La XV fira comercial d\u2019estiu a la mar d&#8217;Almenara se celebrar\u00e0 del 24 al 27 de juliol\" class=\"read-more\" href=\"https:\/\/elcafedepipa.com\/index.php\/2025\/07\/18\/la-xv-fira-comercial-destiu-a-la-mar-dalmenara-se-celebrara-del-24-al-27-de-juliol\/\" aria-label=\"M\u00e9s informaci\u00f3 sobre La XV fira comercial d\u2019estiu a la mar d&#8217;Almenara se celebrar\u00e0 del 24 al 27 de juliol\">Read more<\/a><\/p>\n","protected":false},"author":2,"featured_media":15745,"comment_status":"closed","ping_status":"closed","sticky":false,"template":"","format":"standard","meta":{"om_disable_all_campaigns":false,"_monsterinsights_skip_tracking":false,"_monsterinsights_sitenote_active":false,"_monsterinsights_sitenote_note":"","_monsterinsights_sitenote_category":0,"_uf_show_specific_survey":0,"_uf_disable_surveys":false,"footnotes":""},"categories":[5],"tags":[],"class_list":["post-15744","post","type-post","status-publish","format-standard","has-post-thumbnail","hentry","category-almenara"],"_links":{"self":[{"href":"https:\/\/elcafedepipa.com\/index.php\/wp-json\/wp\/v2\/posts\/15744","targetHints":{"allow":["GET"]}}],"collection":[{"href":"https:\/\/elcafedepipa.com\/index.php\/wp-json\/wp\/v2\/posts"}],"about":[{"href":"https:\/\/elcafedepipa.com\/index.php\/wp-json\/wp\/v2\/types\/post"}],"author":[{"embeddable":true,"href":"https:\/\/elcafedepipa.com\/index.php\/wp-json\/wp\/v2\/users\/2"}],"replies":[{"embeddable":true,"href":"https:\/\/elcafedepipa.com\/index.php\/wp-json\/wp\/v2\/comments?post=15744"}],"version-history":[{"count":1,"href":"https:\/\/elcafedepipa.com\/index.php\/wp-json\/wp\/v2\/posts\/15744\/revisions"}],"predecessor-version":[{"id":15746,"href":"https:\/\/elcafedepipa.com\/index.php\/wp-json\/wp\/v2\/posts\/15744\/revisions\/15746"}],"wp:featuredmedia":[{"embeddable":true,"href":"https:\/\/elcafedepipa.com\/index.php\/wp-json\/wp\/v2\/media\/15745"}],"wp:attachment":[{"href":"https:\/\/elcafedepipa.com\/index.php\/wp-json\/wp\/v2\/media?parent=15744"}],"wp:term":[{"taxonomy":"category","embeddable":true,"href":"https:\/\/elcafedepipa.com\/index.php\/wp-json\/wp\/v2\/categories?post=15744"},{"taxonomy":"post_tag","embeddable":true,"href":"https:\/\/elcafedepipa.com\/index.php\/wp-json\/wp\/v2\/tags?post=15744"}],"curies":[{"name":"wp","href":"https:\/\/api.w.org\/{rel}","templated":true}]}}