{"id":15741,"date":"2025-07-18T11:24:44","date_gmt":"2025-07-18T09:24:44","guid":{"rendered":"https:\/\/elcafedepipa.com\/?p=15741"},"modified":"2025-07-18T11:24:45","modified_gmt":"2025-07-18T09:24:45","slug":"la-unio-denuncia-que-la-comissio-europea-canvia-aliments-per-armes-en-una-nova-pac-que-es-desmantella-amb-una-retallada-de-fons-de-mes-del-23","status":"publish","type":"post","link":"https:\/\/elcafedepipa.com\/index.php\/2025\/07\/18\/la-unio-denuncia-que-la-comissio-europea-canvia-aliments-per-armes-en-una-nova-pac-que-es-desmantella-amb-una-retallada-de-fons-de-mes-del-23\/","title":{"rendered":"LA UNI\u00d3 denuncia que la Comissi\u00f3 Europea canvia aliments per armes en una nova PAC que es desmantella amb una retallada de fons de m\u00e9s del 23%"},"content":{"rendered":"\n<p><strong>La PAC desapareix com a pol\u00edtica pr\u00f2pia per a integrar-se en un mega-fons al costat d&#8217;ocupaci\u00f3, migraci\u00f3, cohesi\u00f3 o defensa<\/strong><\/p>\n\n\n\n<p>La Uni\u00f3 Llauradora i Ramadera critica que el nou Marc Financer Pluriennal de la Comissi\u00f3 Europea, presentat aquesta setmana per la presidenta, \u00darsula Von der Layen, liquide la Pol\u00edtica Agr\u00e0ria Comuna (PAC) i convertisca la sufici\u00e8ncia aliment\u00e0ria de la ciutadania en una moneda de canvi per armes i fronteres.<\/p>\n\n\n\n<p>En aquest sentit, l&#8217;organitzaci\u00f3 rebutja amb rotunditat la proposta de la Comissi\u00f3 Europea sobre el nou Marc Financer Pluriennal 2028-2034, una aberraci\u00f3 pressupost\u00e0ria i pol\u00edtica que dilapida d\u00e8cades de construcci\u00f3 europea en el medi rural. El volum de despesa compromesa per a la PAC en el per\u00edode de programaci\u00f3 2028-2034 seria de 295.699 milions d&#8217;euros; el que representa 90.067 milions d&#8217;euros menys, el que suposa una retallada del 23,4%.<\/p>\n\n\n\n<p>El text presentat aquesta setmana no \u00e9s una simple reestructuraci\u00f3 financera, sin\u00f3 l&#8217;acta de defunci\u00f3 de la PAC, tal i com es coneix en l&#8217;actualitat. En lloc de refor\u00e7ar una pol\u00edtica estrat\u00e8gica que garanteix aliments de qualitat, sostenibilitat ambiental, biodiversitat i ocupaci\u00f3 als nostres pobles, la Comissi\u00f3 ha decidit sacrificar l&#8217;agricultura per a unflar la despesa en seguretat, defensa i control de fronteres.<\/p>\n\n\n\n<p>Amb la nova proposta, la PAC perd la seua identitat, ja que desapareix com a pol\u00edtica pr\u00f2pia per a integrar-se en un mega-fons al costat d&#8217;ocupaci\u00f3, migraci\u00f3, cohesi\u00f3 o defensa. Brussel\u00b7les vol conv\u00e9ncer que aix\u00f2 \u201csimplifica\u201d, per\u00f2 l&#8217;\u00fanica cosa que \u201csimplifica\u201d \u00e9s la retallada amb una tisorada brutal sobre el pressupost actual. Aquest atac institucional vulnera a m\u00e9s l&#8217;Article 38 del Tractat de Funcionament de la UE, que obliga a mantindre una pol\u00edtica agr\u00e0ria comuna amb entitat pr\u00f2pia. En el seu lloc, ens volen ficar en una ruleta pressupost\u00e0ria on l&#8217;agricultura competir\u00e0 amb l&#8217;OTAN pels fons europeus i ja se sap qui guanya.<\/p>\n\n\n\n<p>La proposta introdueix tamb\u00e9 noves condicionalitats macroecon\u00f2miques i pol\u00edtiques per al desemborsament de fons, que s&#8217;afegiran a les condicionalitats ja existents a nivell d&#8217;explotaci\u00f3, la qual cosa introdueix una tremenda inseguretat per al llaurador i ramader. \u201cLes ajudes podran dependre no de fer b\u00e9 el nostre treball i complir els requisits que ens exigeixen\u201d, apunta Carles Peris, secretari general de LA UNI\u00d3, \u201csin\u00f3 fins a que es respecten els drets humans o l&#8217;estat de dret\u201d. LA UNI\u00d3 es pregunta si els llauradors i ramaders pagaran tamb\u00e9 els problemes que generen els pol\u00edtics i qui decidir\u00e0 aix\u00f2.<\/p>\n\n\n\n<p>I com a colof\u00f3, es permetr\u00e0 als governs transvasar fons d&#8217;agricultura a altres pol\u00edtiques \u201csegons necessitats\u201d, \u00e9s a dir, quan hi haja una crisi migrat\u00f2ria, sanit\u00e0ria o militar, els diners pot eixir dels fons per al camp. En el cas de la Comunitat Valenciana, aix\u00f2 no \u00e9s teoria. Ja se sap el que significa competir amb altres pol\u00edtiques. En el Pla de Recuperaci\u00f3, Transformaci\u00f3 i Resili\u00e8ncia, per exemple, l&#8217;agricultura va rebre un miserable 2,4\u202f%. Si ara es dep\u00e9n del mateix model per al futur de la PAC, caldr\u00e0 dir adeu a l&#8217;estabilitat dels suports agraris.<\/p>\n\n\n\n<p>Aquest colp arriba a m\u00e9s quan es necessiten m\u00e9s certeses per al relleu generacional, la lluita contra la despoblaci\u00f3 rural i la garantia d&#8217;aliments de proximitat. La proposta de Brussel\u00b7les condemna als joves a abandonar el camp i als nostres pobles a envellir en silenci.<\/p>\n\n\n\n<p>LA UNI\u00d3 exigeix al Govern d&#8217;Espanya i als seus representants en el Parlament Europeu que no permeten aquesta barbaritat. Aix\u00f2 no es pot \u201cmodificar ni negociar i cal rebutjar de pla aquesta proposta i defensar amb fermesa una PAC forta, diferenciada, estable i amb pressupost suficient\u201d.<\/p>\n\n\n\n<p>\u201cLa Comissi\u00f3 ha ignorat totes les mobilitzacions de l&#8217;any passat i ara respon amb retallades, confusi\u00f3 burocr\u00e0tica i menystinc pol\u00edtic. Si volen m\u00e9s tractors als carrers, els tindran. Per\u00f2 que no diguen tan bon punt no van ser advertits\u201d, conclou Carles Peris.<\/p>\n","protected":false},"excerpt":{"rendered":"<p>La PAC desapareix com a pol\u00edtica pr\u00f2pia per a integrar-se en un mega-fons al costat d&#8217;ocupaci\u00f3, migraci\u00f3, cohesi\u00f3 o defensa La Uni\u00f3 Llauradora i Ramadera critica que el nou Marc Financer Pluriennal de la Comissi\u00f3 Europea, presentat aquesta setmana per la presidenta, \u00darsula Von der Layen, liquide la Pol\u00edtica Agr\u00e0ria Comuna (PAC) i convertisca la &#8230; <a title=\"LA UNI\u00d3 denuncia que la Comissi\u00f3 Europea canvia aliments per armes en una nova PAC que es desmantella amb una retallada de fons de m\u00e9s del 23%\" class=\"read-more\" href=\"https:\/\/elcafedepipa.com\/index.php\/2025\/07\/18\/la-unio-denuncia-que-la-comissio-europea-canvia-aliments-per-armes-en-una-nova-pac-que-es-desmantella-amb-una-retallada-de-fons-de-mes-del-23\/\" aria-label=\"M\u00e9s informaci\u00f3 sobre LA UNI\u00d3 denuncia que la Comissi\u00f3 Europea canvia aliments per armes en una nova PAC que es desmantella amb una retallada de fons de m\u00e9s del 23%\">Read more<\/a><\/p>\n","protected":false},"author":2,"featured_media":15742,"comment_status":"closed","ping_status":"closed","sticky":false,"template":"","format":"standard","meta":{"om_disable_all_campaigns":false,"_monsterinsights_skip_tracking":false,"_monsterinsights_sitenote_active":false,"_monsterinsights_sitenote_note":"","_monsterinsights_sitenote_category":0,"_uf_show_specific_survey":0,"_uf_disable_surveys":false,"footnotes":""},"categories":[10],"tags":[],"class_list":["post-15741","post","type-post","status-publish","format-standard","has-post-thumbnail","hentry","category-provinciadecastello"],"_links":{"self":[{"href":"https:\/\/elcafedepipa.com\/index.php\/wp-json\/wp\/v2\/posts\/15741","targetHints":{"allow":["GET"]}}],"collection":[{"href":"https:\/\/elcafedepipa.com\/index.php\/wp-json\/wp\/v2\/posts"}],"about":[{"href":"https:\/\/elcafedepipa.com\/index.php\/wp-json\/wp\/v2\/types\/post"}],"author":[{"embeddable":true,"href":"https:\/\/elcafedepipa.com\/index.php\/wp-json\/wp\/v2\/users\/2"}],"replies":[{"embeddable":true,"href":"https:\/\/elcafedepipa.com\/index.php\/wp-json\/wp\/v2\/comments?post=15741"}],"version-history":[{"count":1,"href":"https:\/\/elcafedepipa.com\/index.php\/wp-json\/wp\/v2\/posts\/15741\/revisions"}],"predecessor-version":[{"id":15743,"href":"https:\/\/elcafedepipa.com\/index.php\/wp-json\/wp\/v2\/posts\/15741\/revisions\/15743"}],"wp:featuredmedia":[{"embeddable":true,"href":"https:\/\/elcafedepipa.com\/index.php\/wp-json\/wp\/v2\/media\/15742"}],"wp:attachment":[{"href":"https:\/\/elcafedepipa.com\/index.php\/wp-json\/wp\/v2\/media?parent=15741"}],"wp:term":[{"taxonomy":"category","embeddable":true,"href":"https:\/\/elcafedepipa.com\/index.php\/wp-json\/wp\/v2\/categories?post=15741"},{"taxonomy":"post_tag","embeddable":true,"href":"https:\/\/elcafedepipa.com\/index.php\/wp-json\/wp\/v2\/tags?post=15741"}],"curies":[{"name":"wp","href":"https:\/\/api.w.org\/{rel}","templated":true}]}}