{"id":15738,"date":"2025-07-18T11:22:03","date_gmt":"2025-07-18T09:22:03","guid":{"rendered":"https:\/\/elcafedepipa.com\/?p=15738"},"modified":"2025-07-18T11:22:04","modified_gmt":"2025-07-18T09:22:04","slug":"moncofa-reforca-els-serveis-municipals-a-lestiu-amb-48-contractacions-especials-per-a-la-temporada","status":"publish","type":"post","link":"https:\/\/elcafedepipa.com\/index.php\/2025\/07\/18\/moncofa-reforca-els-serveis-municipals-a-lestiu-amb-48-contractacions-especials-per-a-la-temporada\/","title":{"rendered":"Moncofa refor\u00e7a els serveis municipals a l&#8217;estiu amb 48 contractacions especials per a la temporada"},"content":{"rendered":"\n<p>L&#8217;Ajuntament de Moncofa ha destinat 176.748 euros a refor\u00e7ar els serveis municipals durant la temporada estival amb la contractaci\u00f3 de 48 persones. Aquesta mesura t\u00e9 com a objectiu garantir la qualitat dels serveis que es presten a la ciutadania durant la campanya destiu i atendre lincrement poblacional daquesta temporada. Les contractacions, que tenen el finan\u00e7ament tant de la Diputaci\u00f3 Provincial com del Govern d&#8217;Espanya, se circumscriuen a l&#8217;\u00e8poca estival.<\/p>\n\n\n\n<p>En concret, s&#8217;han incorporat dos treballadors familiars, un monitor esportiu, un informador tur\u00edstic i 16 peons per a tasques de neteja i manteniment d&#8217;espais p\u00fablics, com ara l&#8217;adequaci\u00f3 de platges, dutxes i altres serveis tur\u00edstics. Per a aquestes contractacions, Moncofa ha destinat 113.000 euros, als quals se suma lajuda de 8.573 euros del Pla dOcupaci\u00f3 de la Diputaci\u00f3 Provincial.<\/p>\n\n\n\n<p>A m\u00e9s, a trav\u00e9s del programa de l&#8217;atur agrari, finan\u00e7at per l&#8217;INEM, s&#8217;ha obtingut un finan\u00e7ament de 55.175 euros per contractar una brigada agr\u00e0ria de 28 persones, en dues fases: 14 persones treballaran durant el mes de juliol i 14 m\u00e9s a l&#8217;agost. Aquestes brigades se centraran en la neteja i l&#8217;adequaci\u00f3 de camins rurals i s\u00e8quies durant els mesos d&#8217;estiu. &#8220;Aquest treball \u00e9s fonamental perqu\u00e8 les s\u00e8quies estiguin en bon estat de cara a possibles pluges, i per mantenir en condicions \u00f2ptimes els camins agr\u00edcoles&#8221;, ha assenyalat el regidor de Personal, Jos\u00e9 Mar\u00eda Andr\u00e9s, que destaca tamb\u00e9 l&#8217;aposta del govern de Moncofa per les pol\u00edtiques actives d&#8217;ocupaci\u00f3 per afavorir l&#8217;ocupabilitat dels col\u00b7lectius amb m\u00e9s dificultats.<\/p>\n\n\n\n<p>&#8220;L&#8217;esfor\u00e7 econ\u00f2mic de l&#8217;Ajuntament i el suport de les administracions ens permet refor\u00e7ar els serveis municipals a l&#8217;estiu, alhora que afavorim la contractaci\u00f3 directa per a aquesta \u00e8poca espec\u00edfica en qu\u00e8 Moncofa incrementa de manera not\u00f2ria la poblaci\u00f3&#8221;, conclou Andr\u00e9s.<\/p>\n","protected":false},"excerpt":{"rendered":"<p>L&#8217;Ajuntament de Moncofa ha destinat 176.748 euros a refor\u00e7ar els serveis municipals durant la temporada estival amb la contractaci\u00f3 de 48 persones. Aquesta mesura t\u00e9 com a objectiu garantir la qualitat dels serveis que es presten a la ciutadania durant la campanya destiu i atendre lincrement poblacional daquesta temporada. Les contractacions, que tenen el finan\u00e7ament &#8230; <a title=\"Moncofa refor\u00e7a els serveis municipals a l&#8217;estiu amb 48 contractacions especials per a la temporada\" class=\"read-more\" href=\"https:\/\/elcafedepipa.com\/index.php\/2025\/07\/18\/moncofa-reforca-els-serveis-municipals-a-lestiu-amb-48-contractacions-especials-per-a-la-temporada\/\" aria-label=\"M\u00e9s informaci\u00f3 sobre Moncofa refor\u00e7a els serveis municipals a l&#8217;estiu amb 48 contractacions especials per a la temporada\">Read more<\/a><\/p>\n","protected":false},"author":2,"featured_media":15739,"comment_status":"closed","ping_status":"closed","sticky":false,"template":"","format":"standard","meta":{"om_disable_all_campaigns":false,"_monsterinsights_skip_tracking":false,"_monsterinsights_sitenote_active":false,"_monsterinsights_sitenote_note":"","_monsterinsights_sitenote_category":0,"_uf_show_specific_survey":0,"_uf_disable_surveys":false,"footnotes":""},"categories":[4],"tags":[],"class_list":["post-15738","post","type-post","status-publish","format-standard","has-post-thumbnail","hentry","category-moncofa"],"_links":{"self":[{"href":"https:\/\/elcafedepipa.com\/index.php\/wp-json\/wp\/v2\/posts\/15738","targetHints":{"allow":["GET"]}}],"collection":[{"href":"https:\/\/elcafedepipa.com\/index.php\/wp-json\/wp\/v2\/posts"}],"about":[{"href":"https:\/\/elcafedepipa.com\/index.php\/wp-json\/wp\/v2\/types\/post"}],"author":[{"embeddable":true,"href":"https:\/\/elcafedepipa.com\/index.php\/wp-json\/wp\/v2\/users\/2"}],"replies":[{"embeddable":true,"href":"https:\/\/elcafedepipa.com\/index.php\/wp-json\/wp\/v2\/comments?post=15738"}],"version-history":[{"count":1,"href":"https:\/\/elcafedepipa.com\/index.php\/wp-json\/wp\/v2\/posts\/15738\/revisions"}],"predecessor-version":[{"id":15740,"href":"https:\/\/elcafedepipa.com\/index.php\/wp-json\/wp\/v2\/posts\/15738\/revisions\/15740"}],"wp:featuredmedia":[{"embeddable":true,"href":"https:\/\/elcafedepipa.com\/index.php\/wp-json\/wp\/v2\/media\/15739"}],"wp:attachment":[{"href":"https:\/\/elcafedepipa.com\/index.php\/wp-json\/wp\/v2\/media?parent=15738"}],"wp:term":[{"taxonomy":"category","embeddable":true,"href":"https:\/\/elcafedepipa.com\/index.php\/wp-json\/wp\/v2\/categories?post=15738"},{"taxonomy":"post_tag","embeddable":true,"href":"https:\/\/elcafedepipa.com\/index.php\/wp-json\/wp\/v2\/tags?post=15738"}],"curies":[{"name":"wp","href":"https:\/\/api.w.org\/{rel}","templated":true}]}}