{"id":15733,"date":"2025-07-18T11:18:38","date_gmt":"2025-07-18T09:18:38","guid":{"rendered":"https:\/\/elcafedepipa.com\/?p=15733"},"modified":"2025-07-18T11:18:39","modified_gmt":"2025-07-18T09:18:39","slug":"moncofa-demanara-la-declaracio-de-zona-catastrofica-i-la-reduccio-del-modul-de-lagricultura","status":"publish","type":"post","link":"https:\/\/elcafedepipa.com\/index.php\/2025\/07\/18\/moncofa-demanara-la-declaracio-de-zona-catastrofica-i-la-reduccio-del-modul-de-lagricultura\/","title":{"rendered":"Moncofa demanar\u00e0 la declaraci\u00f3 de zona catastr\u00f2fica i la reducci\u00f3 del m\u00f2dul de l\u2019agricultura"},"content":{"rendered":"\n<p>Moncofa demanar\u00e0 al Govern la declaraci\u00f3 de part del terme municipal com a zona catastr\u00f2fica pels danys causats per la pedregada del passat dissabte, dia 12 de juliol. Igual que en altres localitats de la Plana Baixa, els danys en explotacions citr\u00edcoles i hort\u00edcoles, mobiliari urb\u00e0, vehicles i habitatges s\u00f3n molt quantiosos. Les collites de c\u00edtrics, fruita d&#8217;estiu i hortalisses es veuran molt perjudicades a conseq\u00fc\u00e8ncia de la pedra. El Consell Agrari de Moncofa s&#8217;ha reunit per a analitzar esta dif\u00edcil situaci\u00f3 i ha donat suport a esta demanda perqu\u00e8 el consistori la tramite.<\/p>\n\n\n\n<p>D&#8217;altra banda, tamb\u00e9 es demandar\u00e0 al Ministeri d&#8217;Hisenda que s&#8217;aplique una reducci\u00f3 del m\u00f2dul que s&#8217;aplica als c\u00edtrics i a les verdures en la declaraci\u00f3 de la renda, amb l&#8217;objectiu de reduir el perju\u00ed que han patit els agricultors amb finques en el terme municipal de la localitat.<\/p>\n\n\n\n<p>Aix\u00ed mateix, en el Consell s&#8217;ha analitzat el refor\u00e7 de seguretat que requereix el camp. L&#8217;Ajuntament el far\u00e0 a trav\u00e9s de la Policia Local, si b\u00e9 el Consell ha plantejat altres mesures complement\u00e0ries que tamb\u00e9 es duran a terme. En la reuni\u00f3 va estar present l&#8217;intendent de la Policia Local que va exposar les mesures preses fins al moment que han tingut com a conseq\u00fc\u00e8ncia la detenci\u00f3 d&#8217;una persona implicada en un furt recent.<\/p>\n\n\n\n<figure class=\"wp-block-image size-large\"><img fetchpriority=\"high\" decoding=\"async\" width=\"768\" height=\"1024\" src=\"https:\/\/elcafedepipa.com\/wp-content\/uploads\/2025\/07\/pedregada-tomates-768x1024.jpg\" alt=\"\" class=\"wp-image-15735\" srcset=\"https:\/\/elcafedepipa.com\/wp-content\/uploads\/2025\/07\/pedregada-tomates-768x1024.jpg 768w, https:\/\/elcafedepipa.com\/wp-content\/uploads\/2025\/07\/pedregada-tomates-225x300.jpg 225w, https:\/\/elcafedepipa.com\/wp-content\/uploads\/2025\/07\/pedregada-tomates-1152x1536.jpg 1152w, https:\/\/elcafedepipa.com\/wp-content\/uploads\/2025\/07\/pedregada-tomates.jpg 1200w\" sizes=\"(max-width: 768px) 100vw, 768px\" \/><\/figure>\n\n\n\n<figure class=\"wp-block-image size-large\"><img decoding=\"async\" width=\"768\" height=\"1024\" src=\"https:\/\/elcafedepipa.com\/wp-content\/uploads\/2025\/07\/pedregada-taronger-768x1024.jpg\" alt=\"\" class=\"wp-image-15736\" srcset=\"https:\/\/elcafedepipa.com\/wp-content\/uploads\/2025\/07\/pedregada-taronger-768x1024.jpg 768w, https:\/\/elcafedepipa.com\/wp-content\/uploads\/2025\/07\/pedregada-taronger-225x300.jpg 225w, https:\/\/elcafedepipa.com\/wp-content\/uploads\/2025\/07\/pedregada-taronger-1152x1536.jpg 1152w, https:\/\/elcafedepipa.com\/wp-content\/uploads\/2025\/07\/pedregada-taronger.jpg 1200w\" sizes=\"(max-width: 768px) 100vw, 768px\" \/><\/figure>\n","protected":false},"excerpt":{"rendered":"<p>Moncofa demanar\u00e0 al Govern la declaraci\u00f3 de part del terme municipal com a zona catastr\u00f2fica pels danys causats per la pedregada del passat dissabte, dia 12 de juliol. Igual que en altres localitats de la Plana Baixa, els danys en explotacions citr\u00edcoles i hort\u00edcoles, mobiliari urb\u00e0, vehicles i habitatges s\u00f3n molt quantiosos. Les collites de &#8230; <a title=\"Moncofa demanar\u00e0 la declaraci\u00f3 de zona catastr\u00f2fica i la reducci\u00f3 del m\u00f2dul de l\u2019agricultura\" class=\"read-more\" href=\"https:\/\/elcafedepipa.com\/index.php\/2025\/07\/18\/moncofa-demanara-la-declaracio-de-zona-catastrofica-i-la-reduccio-del-modul-de-lagricultura\/\" aria-label=\"M\u00e9s informaci\u00f3 sobre Moncofa demanar\u00e0 la declaraci\u00f3 de zona catastr\u00f2fica i la reducci\u00f3 del m\u00f2dul de l\u2019agricultura\">Read more<\/a><\/p>\n","protected":false},"author":2,"featured_media":15734,"comment_status":"closed","ping_status":"closed","sticky":false,"template":"","format":"standard","meta":{"om_disable_all_campaigns":false,"_monsterinsights_skip_tracking":false,"_monsterinsights_sitenote_active":false,"_monsterinsights_sitenote_note":"","_monsterinsights_sitenote_category":0,"_uf_show_specific_survey":0,"_uf_disable_surveys":false,"footnotes":""},"categories":[4],"tags":[],"class_list":["post-15733","post","type-post","status-publish","format-standard","has-post-thumbnail","hentry","category-moncofa"],"_links":{"self":[{"href":"https:\/\/elcafedepipa.com\/index.php\/wp-json\/wp\/v2\/posts\/15733","targetHints":{"allow":["GET"]}}],"collection":[{"href":"https:\/\/elcafedepipa.com\/index.php\/wp-json\/wp\/v2\/posts"}],"about":[{"href":"https:\/\/elcafedepipa.com\/index.php\/wp-json\/wp\/v2\/types\/post"}],"author":[{"embeddable":true,"href":"https:\/\/elcafedepipa.com\/index.php\/wp-json\/wp\/v2\/users\/2"}],"replies":[{"embeddable":true,"href":"https:\/\/elcafedepipa.com\/index.php\/wp-json\/wp\/v2\/comments?post=15733"}],"version-history":[{"count":1,"href":"https:\/\/elcafedepipa.com\/index.php\/wp-json\/wp\/v2\/posts\/15733\/revisions"}],"predecessor-version":[{"id":15737,"href":"https:\/\/elcafedepipa.com\/index.php\/wp-json\/wp\/v2\/posts\/15733\/revisions\/15737"}],"wp:featuredmedia":[{"embeddable":true,"href":"https:\/\/elcafedepipa.com\/index.php\/wp-json\/wp\/v2\/media\/15734"}],"wp:attachment":[{"href":"https:\/\/elcafedepipa.com\/index.php\/wp-json\/wp\/v2\/media?parent=15733"}],"wp:term":[{"taxonomy":"category","embeddable":true,"href":"https:\/\/elcafedepipa.com\/index.php\/wp-json\/wp\/v2\/categories?post=15733"},{"taxonomy":"post_tag","embeddable":true,"href":"https:\/\/elcafedepipa.com\/index.php\/wp-json\/wp\/v2\/tags?post=15733"}],"curies":[{"name":"wp","href":"https:\/\/api.w.org\/{rel}","templated":true}]}}