{"id":15725,"date":"2025-07-17T15:31:45","date_gmt":"2025-07-17T13:31:45","guid":{"rendered":"https:\/\/elcafedepipa.com\/?p=15725"},"modified":"2025-07-17T15:31:45","modified_gmt":"2025-07-17T13:31:45","slug":"els-xiquets-i-xiquetes-de-la-vall-gaudeixen-de-la-festa-de-laigua-al-paratge-de-sant-josep","status":"publish","type":"post","link":"https:\/\/elcafedepipa.com\/index.php\/2025\/07\/17\/els-xiquets-i-xiquetes-de-la-vall-gaudeixen-de-la-festa-de-laigua-al-paratge-de-sant-josep\/","title":{"rendered":"Els xiquets i xiquetes de la Vall gaudeixen de la Festa de l&#8217;aigua al Paratge de Sant Josep"},"content":{"rendered":"\n<p>L&#8217;Ajuntament de la Vall d&#8217;Uix\u00f3 celebra per quart any consecutiu la Festa de l&#8217;Aigua, que compta amb el patrocini de Facsa. Cada dijous i dissabte al mat\u00ed s&#8217;instal\u00b7la a la pista de ball de Sant Josep aquest espai perqu\u00e8 els m\u00e9s petits gaudeixin d&#8217;activitats aqu\u00e0tiques, especialment aquests dies tan calorosos\u201d, ha explicat el conseller delegat d&#8217;Emsevall i regidor de Turisme, Javier Ferreres.<\/p>\n\n\n\n<p><br>La Festa de l&#8217;Aigua es realitza des de principis de juliol i encara queden sessions els dies 19, 24, 26 i 31 de juliol i 2, 7, 9, 14, 16, 21, 23, 26, 28 i 30 d&#8217;agost de 10.30 a 13.30 hores. Els nens i nenes de 3 a 14 anys disposen de inflables aqu\u00e0tics, ruixadors i lliscadores, adaptats a diverses edats. A m\u00e9s, el quiosc-cafeteria Ca Cova ofereix a la mateixa zona un servei de begudes i gelats.<\/p>\n\n\n\n<p><br>Ferreres ha destacat que activitats gratu\u00eftes com aquesta suposen \u201cuna aposta per oferir alternatives al p\u00fablic familiar\u201d. Per la seva banda, el regidor de Serveis Urbans, Fernando Dar\u00f2s, ha remarcat que la Festa de l&#8217;Aigua \u201cposa a disposici\u00f3 de la ciutadania un recinte on refrescar-se i passar un mat\u00ed agradable i divertit durant els mesos d&#8217;estiu en qu\u00e8 patim les altes temperatures\u201d. A m\u00e9s, avui Facsa ha repartit tovalloles entre els assistents.<\/p>\n\n\n\n<p><br>Cal recordar que l&#8217;Ajuntament de la Vall d&#8217;Uix\u00f3 treballa en la transformaci\u00f3 de les antigues piscines de Sant Josep en un parc aqu\u00e0tic. De fet, dues empreses s?han presentat al proc\u00e9s d?adjudicaci\u00f3 de les obres de construcci\u00f3 d?aquest nou complex aqu\u00e0tic, que est\u00e0 previst obrir l?estiu del 2026.<\/p>\n\n\n\n<figure class=\"wp-block-image size-large\"><img fetchpriority=\"high\" decoding=\"async\" width=\"768\" height=\"1024\" src=\"https:\/\/elcafedepipa.com\/wp-content\/uploads\/2025\/07\/festa-aigua-1-768x1024.jpeg\" alt=\"\" class=\"wp-image-15727\" srcset=\"https:\/\/elcafedepipa.com\/wp-content\/uploads\/2025\/07\/festa-aigua-1-768x1024.jpeg 768w, https:\/\/elcafedepipa.com\/wp-content\/uploads\/2025\/07\/festa-aigua-1-225x300.jpeg 225w, https:\/\/elcafedepipa.com\/wp-content\/uploads\/2025\/07\/festa-aigua-1-1152x1536.jpeg 1152w, https:\/\/elcafedepipa.com\/wp-content\/uploads\/2025\/07\/festa-aigua-1.jpeg 1200w\" sizes=\"(max-width: 768px) 100vw, 768px\" \/><\/figure>\n","protected":false},"excerpt":{"rendered":"<p>L&#8217;Ajuntament de la Vall d&#8217;Uix\u00f3 celebra per quart any consecutiu la Festa de l&#8217;Aigua, que compta amb el patrocini de Facsa. Cada dijous i dissabte al mat\u00ed s&#8217;instal\u00b7la a la pista de ball de Sant Josep aquest espai perqu\u00e8 els m\u00e9s petits gaudeixin d&#8217;activitats aqu\u00e0tiques, especialment aquests dies tan calorosos\u201d, ha explicat el conseller delegat &#8230; <a title=\"Els xiquets i xiquetes de la Vall gaudeixen de la Festa de l&#8217;aigua al Paratge de Sant Josep\" class=\"read-more\" href=\"https:\/\/elcafedepipa.com\/index.php\/2025\/07\/17\/els-xiquets-i-xiquetes-de-la-vall-gaudeixen-de-la-festa-de-laigua-al-paratge-de-sant-josep\/\" aria-label=\"M\u00e9s informaci\u00f3 sobre Els xiquets i xiquetes de la Vall gaudeixen de la Festa de l&#8217;aigua al Paratge de Sant Josep\">Read more<\/a><\/p>\n","protected":false},"author":2,"featured_media":15726,"comment_status":"closed","ping_status":"closed","sticky":false,"template":"","format":"standard","meta":{"om_disable_all_campaigns":false,"_monsterinsights_skip_tracking":false,"_monsterinsights_sitenote_active":false,"_monsterinsights_sitenote_note":"","_monsterinsights_sitenote_category":0,"_uf_show_specific_survey":0,"_uf_disable_surveys":false,"footnotes":""},"categories":[1],"tags":[],"class_list":["post-15725","post","type-post","status-publish","format-standard","has-post-thumbnail","hentry","category-non-classe"],"_links":{"self":[{"href":"https:\/\/elcafedepipa.com\/index.php\/wp-json\/wp\/v2\/posts\/15725","targetHints":{"allow":["GET"]}}],"collection":[{"href":"https:\/\/elcafedepipa.com\/index.php\/wp-json\/wp\/v2\/posts"}],"about":[{"href":"https:\/\/elcafedepipa.com\/index.php\/wp-json\/wp\/v2\/types\/post"}],"author":[{"embeddable":true,"href":"https:\/\/elcafedepipa.com\/index.php\/wp-json\/wp\/v2\/users\/2"}],"replies":[{"embeddable":true,"href":"https:\/\/elcafedepipa.com\/index.php\/wp-json\/wp\/v2\/comments?post=15725"}],"version-history":[{"count":1,"href":"https:\/\/elcafedepipa.com\/index.php\/wp-json\/wp\/v2\/posts\/15725\/revisions"}],"predecessor-version":[{"id":15728,"href":"https:\/\/elcafedepipa.com\/index.php\/wp-json\/wp\/v2\/posts\/15725\/revisions\/15728"}],"wp:featuredmedia":[{"embeddable":true,"href":"https:\/\/elcafedepipa.com\/index.php\/wp-json\/wp\/v2\/media\/15726"}],"wp:attachment":[{"href":"https:\/\/elcafedepipa.com\/index.php\/wp-json\/wp\/v2\/media?parent=15725"}],"wp:term":[{"taxonomy":"category","embeddable":true,"href":"https:\/\/elcafedepipa.com\/index.php\/wp-json\/wp\/v2\/categories?post=15725"},{"taxonomy":"post_tag","embeddable":true,"href":"https:\/\/elcafedepipa.com\/index.php\/wp-json\/wp\/v2\/tags?post=15725"}],"curies":[{"name":"wp","href":"https:\/\/api.w.org\/{rel}","templated":true}]}}