{"id":1571,"date":"2024-05-31T13:47:53","date_gmt":"2024-05-31T11:47:53","guid":{"rendered":"https:\/\/elcafedepipa.com\/?p=1571"},"modified":"2024-05-31T13:47:13","modified_gmt":"2024-05-31T11:47:13","slug":"el-dia-del-corpus-se-celebrara-el-proxim-diumenge-2-de-juny-en-la-parroquia-santiago-apostol-del-barri-toledo","status":"publish","type":"post","link":"https:\/\/elcafedepipa.com\/index.php\/2024\/05\/31\/el-dia-del-corpus-se-celebrara-el-proxim-diumenge-2-de-juny-en-la-parroquia-santiago-apostol-del-barri-toledo\/","title":{"rendered":"El Dia del Corpus se celebrar\u00e0 el pr\u00f2xim diumenge 2 de juny en la Parroquia Santiago Apostol del Barri Toledo"},"content":{"rendered":"<p><strong>\u00c0UDIO |<\/strong> Hui hem parlat en\u00a0<span class=\"hiddenSpellError\">Anita<\/span>\u00a0<span class=\"hiddenGrammarError\">Martinez<\/span>\u00a0i\u00a0<span class=\"hiddenSpellError\">Carmen<\/span>\u00a0Gil de la celebraci\u00f3 del Dia del Corpus que es far\u00e0 el\u00a0pr\u00f2xim\u00a0diumenge, 2 de juny, en la\u00a0parr\u00f2quia\u00a0Santiago\u00a0<span class=\"hiddenSpellError\">Apostol\u00a0<\/span><span class=\"hiddenGrammarError\">de<\/span>l Barri Toledo. L\u2019acte comen\u00e7ar\u00e0 a les 6:00 h de la vesprada. Estar\u00e0 compr\u00e9s d\u2019una missa al principi i, per finalitzar, d&#8217;una processi\u00f3 on eixiran els xiquets i xiquetes que prenen la comuni\u00f3 aquest any.<\/p>\n<audio class=\"wp-audio-shortcode\" id=\"audio-1571-1\" preload=\"none\" style=\"width: 100%;\" controls=\"controls\"><source type=\"audio\/mpeg\" src=\"https:\/\/elcafedepipa.com\/wp-content\/uploads\/2024\/05\/corpus31maig.mp3?_=1\" \/><a href=\"https:\/\/elcafedepipa.com\/wp-content\/uploads\/2024\/05\/corpus31maig.mp3\">https:\/\/elcafedepipa.com\/wp-content\/uploads\/2024\/05\/corpus31maig.mp3<\/a><\/audio>\n","protected":false},"excerpt":{"rendered":"<p>\u00c0UDIO | Hui hem parlat en\u00a0Anita\u00a0Martinez\u00a0i\u00a0Carmen\u00a0Gil de la celebraci\u00f3 del Dia del Corpus que es far\u00e0 el\u00a0pr\u00f2xim\u00a0diumenge, 2 de juny, en la\u00a0parr\u00f2quia\u00a0Santiago\u00a0Apostol\u00a0del Barri Toledo. L\u2019acte comen\u00e7ar\u00e0 a les 6:00 h de la vesprada. Estar\u00e0 compr\u00e9s d\u2019una missa al principi i, per finalitzar, d&#8217;una processi\u00f3 on eixiran els xiquets i xiquetes que prenen la comuni\u00f3 aquest &#8230; <a title=\"El Dia del Corpus se celebrar\u00e0 el pr\u00f2xim diumenge 2 de juny en la Parroquia Santiago Apostol del Barri Toledo\" class=\"read-more\" href=\"https:\/\/elcafedepipa.com\/index.php\/2024\/05\/31\/el-dia-del-corpus-se-celebrara-el-proxim-diumenge-2-de-juny-en-la-parroquia-santiago-apostol-del-barri-toledo\/\" aria-label=\"M\u00e9s informaci\u00f3 sobre El Dia del Corpus se celebrar\u00e0 el pr\u00f2xim diumenge 2 de juny en la Parroquia Santiago Apostol del Barri Toledo\">Read more<\/a><\/p>\n","protected":false},"author":2,"featured_media":0,"comment_status":"open","ping_status":"open","sticky":false,"template":"","format":"standard","meta":{"om_disable_all_campaigns":false,"_monsterinsights_skip_tracking":false,"_monsterinsights_sitenote_active":false,"_monsterinsights_sitenote_note":"","_monsterinsights_sitenote_category":0,"_uf_show_specific_survey":0,"_uf_disable_surveys":false,"footnotes":""},"categories":[34],"tags":[],"class_list":["post-1571","post","type-post","status-publish","format-standard","hentry","category-podcast"],"_links":{"self":[{"href":"https:\/\/elcafedepipa.com\/index.php\/wp-json\/wp\/v2\/posts\/1571","targetHints":{"allow":["GET"]}}],"collection":[{"href":"https:\/\/elcafedepipa.com\/index.php\/wp-json\/wp\/v2\/posts"}],"about":[{"href":"https:\/\/elcafedepipa.com\/index.php\/wp-json\/wp\/v2\/types\/post"}],"author":[{"embeddable":true,"href":"https:\/\/elcafedepipa.com\/index.php\/wp-json\/wp\/v2\/users\/2"}],"replies":[{"embeddable":true,"href":"https:\/\/elcafedepipa.com\/index.php\/wp-json\/wp\/v2\/comments?post=1571"}],"version-history":[{"count":0,"href":"https:\/\/elcafedepipa.com\/index.php\/wp-json\/wp\/v2\/posts\/1571\/revisions"}],"wp:attachment":[{"href":"https:\/\/elcafedepipa.com\/index.php\/wp-json\/wp\/v2\/media?parent=1571"}],"wp:term":[{"taxonomy":"category","embeddable":true,"href":"https:\/\/elcafedepipa.com\/index.php\/wp-json\/wp\/v2\/categories?post=1571"},{"taxonomy":"post_tag","embeddable":true,"href":"https:\/\/elcafedepipa.com\/index.php\/wp-json\/wp\/v2\/tags?post=1571"}],"curies":[{"name":"wp","href":"https:\/\/api.w.org\/{rel}","templated":true}]}}