{"id":15701,"date":"2025-07-16T15:06:19","date_gmt":"2025-07-16T13:06:19","guid":{"rendered":"https:\/\/elcafedepipa.com\/?p=15701"},"modified":"2025-07-16T15:06:19","modified_gmt":"2025-07-16T13:06:19","slug":"nules-ja-coneix-les-persones-guanyadores-de-la-campanya-compresamborgull","status":"publish","type":"post","link":"https:\/\/elcafedepipa.com\/index.php\/2025\/07\/16\/nules-ja-coneix-les-persones-guanyadores-de-la-campanya-compresamborgull\/","title":{"rendered":"Nules ja coneix les persones guanyadores de la campanya #compresamborgull"},"content":{"rendered":"\n<p><strong>La campanya ha tingut molt bona acollida tant del comer\u00e7 local com del ve\u00efnat<\/strong><\/p>\n\n\n\n<p>L\u2019Ajuntament de Nules ha donat a con\u00e8ixer el nom de les persones guanyadores dels diferents concursos emmarcats en la campanya #Compresamborgull, que el consistori ha posat en marxa per donar visibilitat el col\u00b7lectiu LGTBI+ coincidint amb la celebraci\u00f3 &nbsp;del Dia Internacional de l\u2019Orgull LGTBI que te lloc el 28 de juny.<\/p>\n\n\n\n<p>De manera que, el comer\u00e7 MJ &amp; C Fot\u00f2grafes ha obtingut el reconeixement a la millor decoraci\u00f3 d\u2019aparador amb un premi dotat amb 500 euros, es tracta de la decoraci\u00f3 m\u00e9s atractiva de la trentena de comer\u00e7os que han participat.<\/p>\n\n\n\n<p>Aix\u00ed mateix, el premi de 500 euros a la fotografia feta en aquests comer\u00e7os penjada a les xarxes socials acompanyada per l\u2019etiqueta #compresamborgull que ha obtingut m\u00e9s m\u2019agrades ha estat per la publicada a Instagram a l\u2019aparador del comer\u00e7 Xiquets.<\/p>\n\n\n\n<p>Per\u00f2 a m\u00e9s, el ve\u00efnat que ha comprat en els establiments adherits a aquesta campanya tamb\u00e9 ha tingut premis. En concret, s\u2019han sortejaran un total de 50 vals de 100 euros per a consumir a qualsevol dels locals participants.<\/p>\n\n\n\n<p>Cal assenyalar que, la campanya s\u2019ha desenvolupat els dies de l\u20191 al 30 de juny i ha comptat amb molt bona acollida tant per part del comer\u00e7 local com del ve\u00efnat, de fet la campanya ha comptat amb un total de 935 participacions \u201cestem molt contents del resultat de la campanya, per una banda hem aconseguit dinamitzar les compres al comer\u00e7 local, i per l\u2019altra donar visibilitat al col\u00b7lectiu LGTBI+ en omplir tot el poble dels colors de la diversitat\u201d, comenta la regidora de Comer\u00e7 i de Pol\u00edtiques d\u2019Igualtat, Gemma Carratal\u00e1.<\/p>\n\n\n\n<figure class=\"wp-block-image size-large\"><img fetchpriority=\"high\" decoding=\"async\" width=\"1024\" height=\"768\" src=\"https:\/\/elcafedepipa.com\/wp-content\/uploads\/2025\/07\/33.-FOTOGRAFIA-MJC-1024x768.jpg\" alt=\"\" class=\"wp-image-15703\" srcset=\"https:\/\/elcafedepipa.com\/wp-content\/uploads\/2025\/07\/33.-FOTOGRAFIA-MJC-1024x768.jpg 1024w, https:\/\/elcafedepipa.com\/wp-content\/uploads\/2025\/07\/33.-FOTOGRAFIA-MJC-300x225.jpg 300w, https:\/\/elcafedepipa.com\/wp-content\/uploads\/2025\/07\/33.-FOTOGRAFIA-MJC-768x576.jpg 768w, https:\/\/elcafedepipa.com\/wp-content\/uploads\/2025\/07\/33.-FOTOGRAFIA-MJC-1536x1152.jpg 1536w, https:\/\/elcafedepipa.com\/wp-content\/uploads\/2025\/07\/33.-FOTOGRAFIA-MJC-2048x1536.jpg 2048w\" sizes=\"(max-width: 1024px) 100vw, 1024px\" \/><\/figure>\n","protected":false},"excerpt":{"rendered":"<p>La campanya ha tingut molt bona acollida tant del comer\u00e7 local com del ve\u00efnat L\u2019Ajuntament de Nules ha donat a con\u00e8ixer el nom de les persones guanyadores dels diferents concursos emmarcats en la campanya #Compresamborgull, que el consistori ha posat en marxa per donar visibilitat el col\u00b7lectiu LGTBI+ coincidint amb la celebraci\u00f3 &nbsp;del Dia Internacional &#8230; <a title=\"Nules ja coneix les persones guanyadores de la campanya #compresamborgull\" class=\"read-more\" href=\"https:\/\/elcafedepipa.com\/index.php\/2025\/07\/16\/nules-ja-coneix-les-persones-guanyadores-de-la-campanya-compresamborgull\/\" aria-label=\"M\u00e9s informaci\u00f3 sobre Nules ja coneix les persones guanyadores de la campanya #compresamborgull\">Read more<\/a><\/p>\n","protected":false},"author":2,"featured_media":15702,"comment_status":"closed","ping_status":"closed","sticky":false,"template":"","format":"standard","meta":{"om_disable_all_campaigns":false,"_monsterinsights_skip_tracking":false,"_monsterinsights_sitenote_active":false,"_monsterinsights_sitenote_note":"","_monsterinsights_sitenote_category":0,"_uf_show_specific_survey":0,"_uf_disable_surveys":false,"footnotes":""},"categories":[3],"tags":[],"class_list":["post-15701","post","type-post","status-publish","format-standard","has-post-thumbnail","hentry","category-nules"],"_links":{"self":[{"href":"https:\/\/elcafedepipa.com\/index.php\/wp-json\/wp\/v2\/posts\/15701","targetHints":{"allow":["GET"]}}],"collection":[{"href":"https:\/\/elcafedepipa.com\/index.php\/wp-json\/wp\/v2\/posts"}],"about":[{"href":"https:\/\/elcafedepipa.com\/index.php\/wp-json\/wp\/v2\/types\/post"}],"author":[{"embeddable":true,"href":"https:\/\/elcafedepipa.com\/index.php\/wp-json\/wp\/v2\/users\/2"}],"replies":[{"embeddable":true,"href":"https:\/\/elcafedepipa.com\/index.php\/wp-json\/wp\/v2\/comments?post=15701"}],"version-history":[{"count":1,"href":"https:\/\/elcafedepipa.com\/index.php\/wp-json\/wp\/v2\/posts\/15701\/revisions"}],"predecessor-version":[{"id":15704,"href":"https:\/\/elcafedepipa.com\/index.php\/wp-json\/wp\/v2\/posts\/15701\/revisions\/15704"}],"wp:featuredmedia":[{"embeddable":true,"href":"https:\/\/elcafedepipa.com\/index.php\/wp-json\/wp\/v2\/media\/15702"}],"wp:attachment":[{"href":"https:\/\/elcafedepipa.com\/index.php\/wp-json\/wp\/v2\/media?parent=15701"}],"wp:term":[{"taxonomy":"category","embeddable":true,"href":"https:\/\/elcafedepipa.com\/index.php\/wp-json\/wp\/v2\/categories?post=15701"},{"taxonomy":"post_tag","embeddable":true,"href":"https:\/\/elcafedepipa.com\/index.php\/wp-json\/wp\/v2\/tags?post=15701"}],"curies":[{"name":"wp","href":"https:\/\/api.w.org\/{rel}","templated":true}]}}