{"id":15694,"date":"2025-07-16T14:59:55","date_gmt":"2025-07-16T12:59:55","guid":{"rendered":"https:\/\/elcafedepipa.com\/?p=15694"},"modified":"2025-07-16T14:59:56","modified_gmt":"2025-07-16T12:59:56","slug":"el-pp-de-la-vall-demana-a-lequip-de-govern-collaboracio-per-a-protegir-els-treballadors-de-les-coves-de-sant-josep-del-gas-rado-perque-la-seua-opacitat-alarma","status":"publish","type":"post","link":"https:\/\/elcafedepipa.com\/index.php\/2025\/07\/16\/el-pp-de-la-vall-demana-a-lequip-de-govern-collaboracio-per-a-protegir-els-treballadors-de-les-coves-de-sant-josep-del-gas-rado-perque-la-seua-opacitat-alarma\/","title":{"rendered":"El PP de la Vall demana a l&#8217;equip de govern col\u00b7laboraci\u00f3 per a protegir els treballadors de les Coves de Sant Josep del gas rad\u00f3 perqu\u00e8 \u201cla seua opacitat alarma\u201d"},"content":{"rendered":"\n<p>El Grup Municipal del PP en la Vall exigeix a l&#8217;alcaldessa, Tania Ba\u00f1os, i a la resta de l&#8217;equip de govern col\u00b7laboraci\u00f3 amb el S\u00edndic de Greuges per a protegir els treballadors dels Coves de Sant Josep del gas rad\u00f3 perqu\u00e8 \u201cla seua opacitat alarma\u201d.<\/p>\n\n\n\n<p>Aix\u00ed ho ha manifestat la regidora Marga Marco, qui ha reivindicat \u201cdes de la responsabilitat i la serenitat\u201d, la \u201cm\u00e0xima col\u00b7laboraci\u00f3 amb la Sindicatura de Greuges davant la negativa de l&#8217;equip de govern a facilitar documentaci\u00f3 sobre este gas que es troba de manera natural a l&#8217;interior de les grutes\u201d.<\/p>\n\n\n\n<p>\u201cEls Coves \u00e9s una joia natural, el nostre orgull. I els empleats d\u2019Emsevall i la seua salut, la nostra m\u00e0xima preocupaci\u00f3. Garantir eixa protecci\u00f3 i apostar per la promoci\u00f3 de les grutes \u00e9s possible. Per aix\u00f2 ens alarma l&#8217;opacitat amb la qual l&#8217;equip de govern que lidera Tania Ba\u00f1os ha respost a cada una de les preguntes que li hem formulat en ple sobre els nivells de gas rad\u00f3 que es registren en les grutes\u201d, ha exposat la regidora.<\/p>\n\n\n\n<p>L&#8217;obscurantisme de l&#8217;equip socialista de Ba\u00f1os ha arribat a tal punt que la Sindicatura de Greuges s&#8217;ha dirigit al consistori per a reclamar eixes dades. Una circumst\u00e0ncia que el PP reconeix haver conegut a trav\u00e9s dels mitjans de comunicaci\u00f3 i sobre la que exigix \u201cm\u00e0xima col\u00b7laboraci\u00f3\u201d. \u201cNo \u00e9s una opci\u00f3, \u00e9s un deure facilitar estes dades i acreditar que els treballadors estan degudament protegits en l&#8217;exercici de les seues tasques\u201d, ha assenyalat Marco.<\/p>\n\n\n\n<p>En este sentit, la regidora ha recordat que els visitants \u201cno han de preocupar-se. La seua exposici\u00f3 \u00e9s m\u00ednima. No hi ha cap perill\u201d. El que el S\u00edndic reclama a l&#8217;Ajuntament de la Vall, en mans de Tania Ba\u00f1os, \u00e9s informaci\u00f3 relativa als empleats. \u201cElls s\u00ed que estan exposats durant moltes m\u00e9s hores i de forma continuada\u201d. \u201cI eixa exposici\u00f3 \u00e9s la que demanem acreditar que no genera cap risc sobre la seua salut\u201d. \u201cTornem a exigir a Ba\u00f1os respostes i con\u00e9ixer el detall dels protocols de prevenci\u00f3 que s&#8217;apliquen. Les mesures que asseguren la protecci\u00f3 dels empleats\u201d, ha concl\u00f2s Marco.<\/p>\n","protected":false},"excerpt":{"rendered":"<p>El Grup Municipal del PP en la Vall exigeix a l&#8217;alcaldessa, Tania Ba\u00f1os, i a la resta de l&#8217;equip de govern col\u00b7laboraci\u00f3 amb el S\u00edndic de Greuges per a protegir els treballadors dels Coves de Sant Josep del gas rad\u00f3 perqu\u00e8 \u201cla seua opacitat alarma\u201d. Aix\u00ed ho ha manifestat la regidora Marga Marco, qui ha &#8230; <a title=\"El PP de la Vall demana a l&#8217;equip de govern col\u00b7laboraci\u00f3 per a protegir els treballadors de les Coves de Sant Josep del gas rad\u00f3 perqu\u00e8 \u201cla seua opacitat alarma\u201d\" class=\"read-more\" href=\"https:\/\/elcafedepipa.com\/index.php\/2025\/07\/16\/el-pp-de-la-vall-demana-a-lequip-de-govern-collaboracio-per-a-protegir-els-treballadors-de-les-coves-de-sant-josep-del-gas-rado-perque-la-seua-opacitat-alarma\/\" aria-label=\"M\u00e9s informaci\u00f3 sobre El PP de la Vall demana a l&#8217;equip de govern col\u00b7laboraci\u00f3 per a protegir els treballadors de les Coves de Sant Josep del gas rad\u00f3 perqu\u00e8 \u201cla seua opacitat alarma\u201d\">Read more<\/a><\/p>\n","protected":false},"author":2,"featured_media":15695,"comment_status":"closed","ping_status":"closed","sticky":false,"template":"","format":"standard","meta":{"om_disable_all_campaigns":false,"_monsterinsights_skip_tracking":false,"_monsterinsights_sitenote_active":false,"_monsterinsights_sitenote_note":"","_monsterinsights_sitenote_category":0,"_uf_show_specific_survey":0,"_uf_disable_surveys":false,"footnotes":""},"categories":[1],"tags":[],"class_list":["post-15694","post","type-post","status-publish","format-standard","has-post-thumbnail","hentry","category-non-classe"],"_links":{"self":[{"href":"https:\/\/elcafedepipa.com\/index.php\/wp-json\/wp\/v2\/posts\/15694","targetHints":{"allow":["GET"]}}],"collection":[{"href":"https:\/\/elcafedepipa.com\/index.php\/wp-json\/wp\/v2\/posts"}],"about":[{"href":"https:\/\/elcafedepipa.com\/index.php\/wp-json\/wp\/v2\/types\/post"}],"author":[{"embeddable":true,"href":"https:\/\/elcafedepipa.com\/index.php\/wp-json\/wp\/v2\/users\/2"}],"replies":[{"embeddable":true,"href":"https:\/\/elcafedepipa.com\/index.php\/wp-json\/wp\/v2\/comments?post=15694"}],"version-history":[{"count":1,"href":"https:\/\/elcafedepipa.com\/index.php\/wp-json\/wp\/v2\/posts\/15694\/revisions"}],"predecessor-version":[{"id":15696,"href":"https:\/\/elcafedepipa.com\/index.php\/wp-json\/wp\/v2\/posts\/15694\/revisions\/15696"}],"wp:featuredmedia":[{"embeddable":true,"href":"https:\/\/elcafedepipa.com\/index.php\/wp-json\/wp\/v2\/media\/15695"}],"wp:attachment":[{"href":"https:\/\/elcafedepipa.com\/index.php\/wp-json\/wp\/v2\/media?parent=15694"}],"wp:term":[{"taxonomy":"category","embeddable":true,"href":"https:\/\/elcafedepipa.com\/index.php\/wp-json\/wp\/v2\/categories?post=15694"},{"taxonomy":"post_tag","embeddable":true,"href":"https:\/\/elcafedepipa.com\/index.php\/wp-json\/wp\/v2\/tags?post=15694"}],"curies":[{"name":"wp","href":"https:\/\/api.w.org\/{rel}","templated":true}]}}