{"id":15691,"date":"2025-07-16T13:09:32","date_gmt":"2025-07-16T11:09:32","guid":{"rendered":"https:\/\/elcafedepipa.com\/?p=15691"},"modified":"2025-07-16T13:09:33","modified_gmt":"2025-07-16T11:09:33","slug":"la-diputacio-de-castello-porta-la-musica-coral-per-la-provincia-a-traves-duna-campanya-de-concerts","status":"publish","type":"post","link":"https:\/\/elcafedepipa.com\/index.php\/2025\/07\/16\/la-diputacio-de-castello-porta-la-musica-coral-per-la-provincia-a-traves-duna-campanya-de-concerts\/","title":{"rendered":"La Diputaci\u00f3 de Castell\u00f3 porta la m\u00fasica coral per la prov\u00edncia a trav\u00e9s d&#8217;una campanya de concerts\u00a0"},"content":{"rendered":"\n<p><strong> <\/strong>La Diputaci\u00f3 Provincial de Castell\u00f3 porta la m\u00fasica coral per la prov\u00edncia a trav\u00e9s d&#8217;una campanya de concerts que t\u00e9 com a objectiu \u201ccontribuir al desenvolupament integral dels ciutadans a trav\u00e9s de la m\u00fasica coral i donar a con\u00e9ixer el moviment coral castellonenc per tot el territori\u201d.<\/p>\n\n\n\n<p>Aix\u00ed ho ha explicat el diputat de Cultura, Alejandro Clausell, qui ha posat en valor \u201cel profund arrelament que t\u00e9 a la nostra prov\u00edncia este tipus d&#8217;activitat musical\u201d. \u201cCastell\u00f3 compta amb nombroses agrupacions musicals als seus pobles i amb esta campanya de concerts permetem a tots ells donar-se a con\u00e9ixer i refor\u00e7ar la pres\u00e8ncia de la m\u00fasica coral en tota la nostra terra\u201d.<\/p>\n\n\n\n<p>\u201cCada euro invertit en art i m\u00fasica, \u00e9s una inversi\u00f3 en el futur provincial\u201d, ha destacat Clausell. D&#8217;esta manera, el diputat provincial ha incidit en qu\u00e8 \u201cesta campanya no sols busca acostar la m\u00fasica coral a la societat castellonenca, sin\u00f3 tamb\u00e9 formar nous p\u00fablics en l&#8217;\u00e0mbit de la m\u00fasica, responent a objectius culturals, perqu\u00e8 les veus no deixen de sonar a Castell\u00f3\u201d.<\/p>\n\n\n\n<p>La campanya, organitzada per la Federaci\u00f3 de Cors de la Comunitat Valenciana en col\u00b7laboraci\u00f3 de la Diputaci\u00f3 de Castell\u00f3, a trav\u00e9s d&#8217;una subvenci\u00f3 de 19.000 euros, porta per lema \u2018M\u00fasica coral a la prov\u00edncia de Castell\u00f3\u2019 i compta amb la participaci\u00f3 de 25 formacions corals de diversos municipis de Castell\u00f3.<\/p>\n\n\n\n<p>Aix\u00ed, cada una de les agrupacions actuar\u00e0 en un poble diferent de la prov\u00edncia, la qual cosa permetr\u00e0 dinamitzar l&#8217;activitat en 18 localitats. A m\u00e9s, enguany, de manera singular, s&#8217;ha incorporat a la programaci\u00f3 habitual la participaci\u00f3 d&#8217;un cor internacional, el European Youh Choir, que actuar\u00e0 a Pen\u00edscola dimecres que ve 23 de juliol.<\/p>\n\n\n\n<p>El European Youth Choir \u00e9s un projecte coral per a promoure la creaci\u00f3 de xarxes de j\u00f3vens cantants amb talent a escala europea i fomentar l&#8217;aparici\u00f3 de la pr\u00f2xima generaci\u00f3 de coralistas professionals.<\/p>\n\n\n\n<p>En este sentit, el diputat de Cultura ha enaltit la col\u00b7laboraci\u00f3 entre entitats p\u00fabliques i privades per a \u201ctrobar f\u00f3rmules per al foment i desenvolupament de la cultura com a sector d&#8217;activitat econ\u00f2mica i promoci\u00f3 del turisme cultural a Castell\u00f3\u201d.<\/p>\n\n\n\n<p>Pel que, amb esta campanya, la Diputaci\u00f3 Provincial no sols demostra el seu comprom\u00eds amb el cant coral, propiciant l&#8217;intercanvi d&#8217;experi\u00e8ncies entre agrupacions, amb actuacions en diversos pobles de la prov\u00edncia, sin\u00f3 que \u201ccontribu\u00efx a dinamitzar l&#8217;activitat als pobles i promocionar als artistes castellonencs\u201d, ha assenyalat Clausell.<\/p>\n\n\n\n<p>Per al diputat provincial, \u2018M\u00fasica coral a la prov\u00edncia de Castell\u00f3\u2019 \u00e9s \u201cun esdeveniment de gran import\u00e0ncia cultural a nivell provincial que ens permet omplir de m\u00fasica cada rac\u00f3 d&#8217;esta prov\u00edncia, terra de bona m\u00fasica i grans artistes, i donar a con\u00e9ixer la veu dels nostres cantors i les meravelloses agrupacions corals que tenim en els nostres 135 municipis\u201d, ha ressaltat.<\/p>\n\n\n\n<p>Alejandro Clausell ha agra\u00eft tant a la Federaci\u00f3 de Cors de la Comunitat Valenciana, com a totes les agrupacions que s&#8217;han sumat en esta nova edici\u00f3, el seu suport indispensable en esta campanya i ha animat a tot el m\u00f3n a gaudir en directe, sent una experi\u00e8ncia \u201ccommovedora\u201d que cada agrupaci\u00f3 porta preparant amb molta il\u00b7lusi\u00f3.<\/p>\n","protected":false},"excerpt":{"rendered":"<p>La Diputaci\u00f3 Provincial de Castell\u00f3 porta la m\u00fasica coral per la prov\u00edncia a trav\u00e9s d&#8217;una campanya de concerts que t\u00e9 com a objectiu \u201ccontribuir al desenvolupament integral dels ciutadans a trav\u00e9s de la m\u00fasica coral i donar a con\u00e9ixer el moviment coral castellonenc per tot el territori\u201d. Aix\u00ed ho ha explicat el diputat de Cultura, &#8230; <a title=\"La Diputaci\u00f3 de Castell\u00f3 porta la m\u00fasica coral per la prov\u00edncia a trav\u00e9s d&#8217;una campanya de concerts\u00a0\" class=\"read-more\" href=\"https:\/\/elcafedepipa.com\/index.php\/2025\/07\/16\/la-diputacio-de-castello-porta-la-musica-coral-per-la-provincia-a-traves-duna-campanya-de-concerts\/\" aria-label=\"M\u00e9s informaci\u00f3 sobre La Diputaci\u00f3 de Castell\u00f3 porta la m\u00fasica coral per la prov\u00edncia a trav\u00e9s d&#8217;una campanya de concerts\u00a0\">Read more<\/a><\/p>\n","protected":false},"author":2,"featured_media":15692,"comment_status":"closed","ping_status":"closed","sticky":false,"template":"","format":"standard","meta":{"om_disable_all_campaigns":false,"_monsterinsights_skip_tracking":false,"_monsterinsights_sitenote_active":false,"_monsterinsights_sitenote_note":"","_monsterinsights_sitenote_category":0,"_uf_show_specific_survey":0,"_uf_disable_surveys":false,"footnotes":""},"categories":[10],"tags":[],"class_list":["post-15691","post","type-post","status-publish","format-standard","has-post-thumbnail","hentry","category-provinciadecastello"],"_links":{"self":[{"href":"https:\/\/elcafedepipa.com\/index.php\/wp-json\/wp\/v2\/posts\/15691","targetHints":{"allow":["GET"]}}],"collection":[{"href":"https:\/\/elcafedepipa.com\/index.php\/wp-json\/wp\/v2\/posts"}],"about":[{"href":"https:\/\/elcafedepipa.com\/index.php\/wp-json\/wp\/v2\/types\/post"}],"author":[{"embeddable":true,"href":"https:\/\/elcafedepipa.com\/index.php\/wp-json\/wp\/v2\/users\/2"}],"replies":[{"embeddable":true,"href":"https:\/\/elcafedepipa.com\/index.php\/wp-json\/wp\/v2\/comments?post=15691"}],"version-history":[{"count":1,"href":"https:\/\/elcafedepipa.com\/index.php\/wp-json\/wp\/v2\/posts\/15691\/revisions"}],"predecessor-version":[{"id":15693,"href":"https:\/\/elcafedepipa.com\/index.php\/wp-json\/wp\/v2\/posts\/15691\/revisions\/15693"}],"wp:featuredmedia":[{"embeddable":true,"href":"https:\/\/elcafedepipa.com\/index.php\/wp-json\/wp\/v2\/media\/15692"}],"wp:attachment":[{"href":"https:\/\/elcafedepipa.com\/index.php\/wp-json\/wp\/v2\/media?parent=15691"}],"wp:term":[{"taxonomy":"category","embeddable":true,"href":"https:\/\/elcafedepipa.com\/index.php\/wp-json\/wp\/v2\/categories?post=15691"},{"taxonomy":"post_tag","embeddable":true,"href":"https:\/\/elcafedepipa.com\/index.php\/wp-json\/wp\/v2\/tags?post=15691"}],"curies":[{"name":"wp","href":"https:\/\/api.w.org\/{rel}","templated":true}]}}