{"id":15687,"date":"2025-07-16T13:06:08","date_gmt":"2025-07-16T11:06:08","guid":{"rendered":"https:\/\/elcafedepipa.com\/?p=15687"},"modified":"2025-07-16T13:06:09","modified_gmt":"2025-07-16T11:06:09","slug":"lajuntament-de-la-vall-duixo-demana-la-declaracio-de-zona-catastrofica-pels-danys-de-la-pedregada","status":"publish","type":"post","link":"https:\/\/elcafedepipa.com\/index.php\/2025\/07\/16\/lajuntament-de-la-vall-duixo-demana-la-declaracio-de-zona-catastrofica-pels-danys-de-la-pedregada\/","title":{"rendered":"L&#8217;Ajuntament de la Vall d&#8217;Uix\u00f3 demana la declaraci\u00f3 de zona catastr\u00f2fica pels danys de la pedregada"},"content":{"rendered":"\n<p><strong>Al terme municipal s&#8217;han vist afectades 1.200 hect\u00e0rees agr\u00e0ries i les p\u00e8rdues s&#8217;estimen en 4 milions d&#8217;euros<\/strong><\/p>\n\n\n\n<p>L&#8217;Ajuntament de la Vall d&#8217;Uix\u00f3 ha sol\u00b7licitat la declaraci\u00f3 de zona catastr\u00f2fica pels danys causats per la pedregada del cap de setmana passat. En concret, al terme municipal han afectat 1.200 hect\u00e0rees -ubicades a les zones lim\u00edtrofes amb Nules i la Vilavella- i les p\u00e8rdues econ\u00f2miques s&#8217;estimen en 4 milions d&#8217;euros, segons la valoraci\u00f3 que s&#8217;ha fet en contacte amb les cooperatives i els sindicats agraris.<\/p>\n\n\n\n<p>La comarca de la Plana Baixa ha estat especialment afectada per aquesta dana del 12 de juliol, un fenomen meteorol\u00f2gic que cada vegada \u00e9s m\u00e9s recurrent i violent pel canvi clim\u00e0tic, tal com ha explicat el regidor d&#8217;Agricultura i Medi Ambient, Marc Seguer. A m\u00e9s, el sector agr\u00edcola \u201cviu sempre a costa del temps\u201d.<\/p>\n\n\n\n<p>Aix\u00ed, a m\u00e9s de sol\u00b7licitar la declaraci\u00f3 de zona catastr\u00f2fica al Govern d&#8217;Espanya perqu\u00e8 el sector &#8220;reba ajudes, mesures compensat\u00f2ries i cobertura de les assegurances&#8221; el regidor tamb\u00e9 ha demanat p\u00fablicament a la Generalitat Valenciana, competent en agricultura, que &#8220;complemente les ajudes per cobrir all\u00f2 que les assegurances no cobreixen o repartisca productes necessaris com els cicatritzants&#8221;.<\/p>\n\n\n\n<p><strong>PROJECTE D&#8217;INNOVACI\u00d3<\/strong><\/p>\n\n\n\n<p>Aquesta sol\u00b7licitud ha estat coneguda durant la visita al projecte de terrenys de gesti\u00f3 compartida que la Cooperativa Vallfrut impulsa amb fons europeus. Una col\u00b7laboraci\u00f3 publicoprivada que &#8220;aposta per recuperar terrenys abandonats des de la innovaci\u00f3 i la sostenibilitat&#8221;, tal com ha destacat l&#8217;alcaldessa, Tania Ba\u00f1os, que ha conegut aquesta iniciativa amb la subdelegada del Govern, Antonia Garc\u00eda; el president de Vallfrut, Manuel Beltr\u00e1n; i el regidor d&#8217;Agricultura, Marc Seguer.<\/p>\n\n\n\n<p>Aquesta iniciativa respon a l&#8217;aband\u00f3 progressiu de parcel\u00b7les agr\u00edcoles per manca de rendibilitat o de relleu generacional. Aquest any s&#8217;han posat en producci\u00f3 94 hect\u00e0rees, de manera que augmenta la capacitat de producci\u00f3 de la cooperativa, que s&#8217;encarrega de la gesti\u00f3 integral de les finques que els socis cedeixen. A trav\u00e9s d&#8217;aquest sistema s&#8217;evita l&#8217;abandonament de camps de cultiu, per aix\u00f2 \u00e9s \u201cun exemple a seguir en altres municipis, perqu\u00e8 protegeix el futur agr\u00edcola del territori\u201d, ha apuntat l&#8217;edil.<\/p>\n\n\n\n<figure class=\"wp-block-image size-large\"><img fetchpriority=\"high\" decoding=\"async\" width=\"768\" height=\"1024\" src=\"https:\/\/elcafedepipa.com\/wp-content\/uploads\/2025\/07\/Vallfrut-2-768x1024.jpeg\" alt=\"\" class=\"wp-image-15689\" srcset=\"https:\/\/elcafedepipa.com\/wp-content\/uploads\/2025\/07\/Vallfrut-2-768x1024.jpeg 768w, https:\/\/elcafedepipa.com\/wp-content\/uploads\/2025\/07\/Vallfrut-2-225x300.jpeg 225w, https:\/\/elcafedepipa.com\/wp-content\/uploads\/2025\/07\/Vallfrut-2-1152x1536.jpeg 1152w, https:\/\/elcafedepipa.com\/wp-content\/uploads\/2025\/07\/Vallfrut-2.jpeg 1200w\" sizes=\"(max-width: 768px) 100vw, 768px\" \/><\/figure>\n","protected":false},"excerpt":{"rendered":"<p>Al terme municipal s&#8217;han vist afectades 1.200 hect\u00e0rees agr\u00e0ries i les p\u00e8rdues s&#8217;estimen en 4 milions d&#8217;euros L&#8217;Ajuntament de la Vall d&#8217;Uix\u00f3 ha sol\u00b7licitat la declaraci\u00f3 de zona catastr\u00f2fica pels danys causats per la pedregada del cap de setmana passat. En concret, al terme municipal han afectat 1.200 hect\u00e0rees -ubicades a les zones lim\u00edtrofes amb &#8230; <a title=\"L&#8217;Ajuntament de la Vall d&#8217;Uix\u00f3 demana la declaraci\u00f3 de zona catastr\u00f2fica pels danys de la pedregada\" class=\"read-more\" href=\"https:\/\/elcafedepipa.com\/index.php\/2025\/07\/16\/lajuntament-de-la-vall-duixo-demana-la-declaracio-de-zona-catastrofica-pels-danys-de-la-pedregada\/\" aria-label=\"M\u00e9s informaci\u00f3 sobre L&#8217;Ajuntament de la Vall d&#8217;Uix\u00f3 demana la declaraci\u00f3 de zona catastr\u00f2fica pels danys de la pedregada\">Read more<\/a><\/p>\n","protected":false},"author":2,"featured_media":15688,"comment_status":"closed","ping_status":"closed","sticky":false,"template":"","format":"standard","meta":{"om_disable_all_campaigns":false,"_monsterinsights_skip_tracking":false,"_monsterinsights_sitenote_active":false,"_monsterinsights_sitenote_note":"","_monsterinsights_sitenote_category":0,"_uf_show_specific_survey":0,"_uf_disable_surveys":false,"footnotes":""},"categories":[1],"tags":[],"class_list":["post-15687","post","type-post","status-publish","format-standard","has-post-thumbnail","hentry","category-non-classe"],"_links":{"self":[{"href":"https:\/\/elcafedepipa.com\/index.php\/wp-json\/wp\/v2\/posts\/15687","targetHints":{"allow":["GET"]}}],"collection":[{"href":"https:\/\/elcafedepipa.com\/index.php\/wp-json\/wp\/v2\/posts"}],"about":[{"href":"https:\/\/elcafedepipa.com\/index.php\/wp-json\/wp\/v2\/types\/post"}],"author":[{"embeddable":true,"href":"https:\/\/elcafedepipa.com\/index.php\/wp-json\/wp\/v2\/users\/2"}],"replies":[{"embeddable":true,"href":"https:\/\/elcafedepipa.com\/index.php\/wp-json\/wp\/v2\/comments?post=15687"}],"version-history":[{"count":1,"href":"https:\/\/elcafedepipa.com\/index.php\/wp-json\/wp\/v2\/posts\/15687\/revisions"}],"predecessor-version":[{"id":15690,"href":"https:\/\/elcafedepipa.com\/index.php\/wp-json\/wp\/v2\/posts\/15687\/revisions\/15690"}],"wp:featuredmedia":[{"embeddable":true,"href":"https:\/\/elcafedepipa.com\/index.php\/wp-json\/wp\/v2\/media\/15688"}],"wp:attachment":[{"href":"https:\/\/elcafedepipa.com\/index.php\/wp-json\/wp\/v2\/media?parent=15687"}],"wp:term":[{"taxonomy":"category","embeddable":true,"href":"https:\/\/elcafedepipa.com\/index.php\/wp-json\/wp\/v2\/categories?post=15687"},{"taxonomy":"post_tag","embeddable":true,"href":"https:\/\/elcafedepipa.com\/index.php\/wp-json\/wp\/v2\/tags?post=15687"}],"curies":[{"name":"wp","href":"https:\/\/api.w.org\/{rel}","templated":true}]}}