{"id":15682,"date":"2025-07-16T12:59:00","date_gmt":"2025-07-16T10:59:00","guid":{"rendered":"https:\/\/elcafedepipa.com\/?p=15682"},"modified":"2025-07-16T13:02:10","modified_gmt":"2025-07-16T11:02:10","slug":"la-guardia-civil-dete-dues-persones-i-investiga-dues-mes-per-sostreure-productes-horticoles","status":"publish","type":"post","link":"https:\/\/elcafedepipa.com\/index.php\/2025\/07\/16\/la-guardia-civil-dete-dues-persones-i-investiga-dues-mes-per-sostreure-productes-horticoles\/","title":{"rendered":"La Gu\u00e0rdia Civil det\u00e9 dues persones i investiga dues m\u00e9s per sostreure productes hort\u00edcoles"},"content":{"rendered":"\n<p>La Gu\u00e0rdia Civil ha detingut dues persones per la seua presumpta implicaci\u00f3 en un delicte continuat de furt de diferents productes del camp, i n&#8217;ha investigat dues m\u00e9s per la seua participaci\u00f3 tamb\u00e9 en furts lleus.<br>L&#8217;equip ROCA de la Gu\u00e0rdia Civil de Borriana va iniciar una investigaci\u00f3 a arrel de la recepci\u00f3 de diverses den\u00fancies en qu\u00e8 els propietaris d&#8217;unes finques ubicades a Moncofar i Nules assenyalaven la sostracci\u00f3 de productes hort\u00edcoles. Despr\u00e9s de m\u00faltiples gestions, vigil\u00e0ncies discretes als camps afectats, refor\u00e7 amb controls en altres finques destinades al mateix cultiu i l&#8217;estreta col\u00b7laboraci\u00f3 amb les Policies Locals dels municipis anteriorment citats i vigilants dels diferents ajuntaments afectats, els gu\u00e0rdies civils van esbrinar la identitat de els presumptes autors, un home i una dona de 34 i 35 anys que van poder ser detinguts per aquests fets.<\/p>\n\n\n\n<p>Gr\u00e0cies a les indagacions practicades, l&#8217;equip ROCA de Burriana va establir que el modus operandi d&#8217;aquestes persones consistia a perpetrar els furts de manera conjunta, coordinada i en diferents dates, actuaven als moments de m\u00e9s calor ia l&#8217;oc\u00e0s del dia aprofitant les hores de menor aflu\u00e8ncia als camps. Accedien amb un vehicle que amagaven als voltants de les finques afectades per actuar amb la major rapidesa possible. A m\u00e9s, per a la sostracci\u00f3 dels productes no feien \u00fas de les eines adequades, causant danys considerables a les plantes i perjudicant les futures recol\u00b7leccions. Un cop sostret el g\u00e8nere era suposadament venut al seu lloc ambulant.<\/p>\n\n\n\n<p>Els presumptes autors s&#8217;emportaven fruita i verdura de temporada, principalment carbassons, tom\u00e0quets, s\u00edndries, melons i pebrots a diferents horts de les localitats de Nules i Moncofar. Les altres dues persones, dos homes de 35 i 63 anys, van ser investigats per la comissi\u00f3 de furts lleus, el valor del sostret era de menys quantitat econ\u00f2mica. Aquestes accions van ser de car\u00e0cter a\u00efllat i, segons les investigacions, el g\u00e8nere sostret era destinat a l&#8217;autoconsum, sense \u00e0nim de comercialitzaci\u00f3.<br>Entre els perjudicats hi ha tant persones amb horts destinats a l&#8217;autoconsum com a agricultors que compten amb punts de<br>venda propis.<\/p>\n\n\n\n<p>Els atestats elaborats han estat remesos a la secci\u00f3 \u00fanica de 1a inst\u00e0ncia i instrucci\u00f3 de tribunal d&#8217;inst\u00e0ncia de Nules (Castell\u00f3). Des de l&#8217;equip ROCA de la Gu\u00e0rdia Civil de Borriana es recomana als agricultors i ve\u00efns que, davant la pres\u00e8ncia de persones o vehicles sospitosos, informin la Gu\u00e0rdia Civil, facilitant tota la informaci\u00f3 possible per poder actuar amb rapidesa i efic\u00e0cia.<\/p>\n\n\n\n<p><\/p>\n","protected":false},"excerpt":{"rendered":"<p>La Gu\u00e0rdia Civil ha detingut dues persones per la seua presumpta implicaci\u00f3 en un delicte continuat de furt de diferents productes del camp, i n&#8217;ha investigat dues m\u00e9s per la seua participaci\u00f3 tamb\u00e9 en furts lleus.L&#8217;equip ROCA de la Gu\u00e0rdia Civil de Borriana va iniciar una investigaci\u00f3 a arrel de la recepci\u00f3 de diverses den\u00fancies &#8230; <a title=\"La Gu\u00e0rdia Civil det\u00e9 dues persones i investiga dues m\u00e9s per sostreure productes hort\u00edcoles\" class=\"read-more\" href=\"https:\/\/elcafedepipa.com\/index.php\/2025\/07\/16\/la-guardia-civil-dete-dues-persones-i-investiga-dues-mes-per-sostreure-productes-horticoles\/\" aria-label=\"M\u00e9s informaci\u00f3 sobre La Gu\u00e0rdia Civil det\u00e9 dues persones i investiga dues m\u00e9s per sostreure productes hort\u00edcoles\">Read more<\/a><\/p>\n","protected":false},"author":2,"featured_media":15683,"comment_status":"closed","ping_status":"closed","sticky":false,"template":"","format":"standard","meta":{"om_disable_all_campaigns":false,"_monsterinsights_skip_tracking":false,"_monsterinsights_sitenote_active":false,"_monsterinsights_sitenote_note":"","_monsterinsights_sitenote_category":0,"_uf_show_specific_survey":0,"_uf_disable_surveys":false,"footnotes":""},"categories":[10],"tags":[],"class_list":["post-15682","post","type-post","status-publish","format-standard","has-post-thumbnail","hentry","category-provinciadecastello"],"_links":{"self":[{"href":"https:\/\/elcafedepipa.com\/index.php\/wp-json\/wp\/v2\/posts\/15682","targetHints":{"allow":["GET"]}}],"collection":[{"href":"https:\/\/elcafedepipa.com\/index.php\/wp-json\/wp\/v2\/posts"}],"about":[{"href":"https:\/\/elcafedepipa.com\/index.php\/wp-json\/wp\/v2\/types\/post"}],"author":[{"embeddable":true,"href":"https:\/\/elcafedepipa.com\/index.php\/wp-json\/wp\/v2\/users\/2"}],"replies":[{"embeddable":true,"href":"https:\/\/elcafedepipa.com\/index.php\/wp-json\/wp\/v2\/comments?post=15682"}],"version-history":[{"count":3,"href":"https:\/\/elcafedepipa.com\/index.php\/wp-json\/wp\/v2\/posts\/15682\/revisions"}],"predecessor-version":[{"id":15686,"href":"https:\/\/elcafedepipa.com\/index.php\/wp-json\/wp\/v2\/posts\/15682\/revisions\/15686"}],"wp:featuredmedia":[{"embeddable":true,"href":"https:\/\/elcafedepipa.com\/index.php\/wp-json\/wp\/v2\/media\/15683"}],"wp:attachment":[{"href":"https:\/\/elcafedepipa.com\/index.php\/wp-json\/wp\/v2\/media?parent=15682"}],"wp:term":[{"taxonomy":"category","embeddable":true,"href":"https:\/\/elcafedepipa.com\/index.php\/wp-json\/wp\/v2\/categories?post=15682"},{"taxonomy":"post_tag","embeddable":true,"href":"https:\/\/elcafedepipa.com\/index.php\/wp-json\/wp\/v2\/tags?post=15682"}],"curies":[{"name":"wp","href":"https:\/\/api.w.org\/{rel}","templated":true}]}}