{"id":15679,"date":"2025-07-16T12:41:00","date_gmt":"2025-07-16T10:41:00","guid":{"rendered":"https:\/\/elcafedepipa.com\/?p=15679"},"modified":"2025-07-16T12:41:01","modified_gmt":"2025-07-16T10:41:01","slug":"la-diputacio-de-castello-intensifica-la-lluita-contra-els-mosquits-i-realitzara-tractaments-aeris-durant-tres-dies-a-partir-deste-dimecres","status":"publish","type":"post","link":"https:\/\/elcafedepipa.com\/index.php\/2025\/07\/16\/la-diputacio-de-castello-intensifica-la-lluita-contra-els-mosquits-i-realitzara-tractaments-aeris-durant-tres-dies-a-partir-deste-dimecres\/","title":{"rendered":"La Diputaci\u00f3 de Castell\u00f3 intensifica la lluita contra els mosquits i realitzar\u00e0 tractaments aeris durant tres dies a partir d&#8217;este dimecres"},"content":{"rendered":"\n<p>La instituci\u00f3 provincial ha rebut l&#8217;autoritzaci\u00f3 de la Conselleria de Sanitat Universal i Salut P\u00fablica per a poder actuar en zones de Burriana, Benic\u00e0ssim, Orpesa, Cabanes, Torreblanca i Pen\u00edscola on s&#8217;han detectat els primers exemplars de larves i hi ha acumulacions importants d&#8217;aigua que impedixen el seu acc\u00e9s i el seu tractament per mitjans terrestres.<\/p>\n\n\n\n<p>\u201cEls tractaments aeris se sumen a la intensificaci\u00f3 de les actuacions terrestres que portem realitzant en tots els municipis litorals per a controlar l&#8217;eclosi\u00f3 de mosquits de marjal\u201d, ha explicat el diputat de Medi Natural, Jos\u00e9 Mar\u00eda Andr\u00e9s.<\/p>\n\n\n\n<p>I \u00e9s que dimecres passat 9 de juliol es van produir precipitacions en el litoral castellonenc, sobretot en la zona sud de la prov\u00edncia, deixant prop de 50 l\/m\u00b2 en alguns municipis. Aix\u00f2 va motivar el refor\u00e7 de les actuacions per mitjans terrestres \u201cen observar-se xicotetes embassades en alguns d&#8217;estos punts de marjal\u201d, ha explicat el diputat provincial. Fins llavors no es van observar grans embassades a causa de la sequedat del terreny, el qual va filtrar gran part d&#8217;aigua, quedant este humitejat. Durant eixos dies s\u00ed que es va observar pres\u00e8ncia en alguns punts de larves en els primers estats de desenvolupament de Aedes sp., procedint-se al seu tractament mitjan\u00e7ant l&#8217;\u00fas de Bacillus thuringiensis.<\/p>\n\n\n\n<p>No obstant aix\u00f2 les intenses precipitacions registrades dissabte passat 12, les quals van ser molt elevades en molt curt espai de temps, van provocar la inundaci\u00f3 de moltes zones cr\u00edtiques de marjaleria del litoral castellonenc catalogats com a focus de cria d&#8217;esp\u00e8cies com Aedes caspius. \u201cTot aix\u00f2 ha comportat que la majoria dels accessos terrestres a estos espais estiguen completament inundats, la qual cosa impedix una acci\u00f3 r\u00e0pida per part dels equips terrestres i la impossibilitat de realitzar tractaments larvicides, podent suposar un greu problema de salut p\u00fablica donada l&#8217;elevada pres\u00e8ncia de poblaci\u00f3 en esta \u00e8poca estival en el litoral castellonenc\u201d, ha indicat Jos\u00e9 Mar\u00eda Andr\u00e9s.<\/p>\n\n\n\n<p>Despr\u00e9s de la inspecci\u00f3 i mostreig realitzat en diferents zones susceptibles de realitzar-se el tractament aeri per part de la Diputaci\u00f3 de Castell\u00f3, s&#8217;han detectat els primers exemplars de larves del g\u00e8nere Aedes sp., principalment estats L1, puntualment en nivells molt elevats, aix\u00ed com acumulacions importants d&#8217;aigua que impedixen l&#8217;acc\u00e9s i el seu tractament per mitjans terrestres. Amb tots eixos condicionants, la instituci\u00f3 provincial ha sol\u00b7licitat l&#8217;aprovaci\u00f3 de tractament aeris en sis zones concretes sent el PAI Sant Gregori a Burriana; el Quadre de Santiago a Benic\u00e0ssim; l\u2019Albufera a Orpesa; el Parc Natural de Cabanes-Torreblanca en els dos termes municipals; i la Marjal de Pen\u00edscola.<\/p>\n\n\n\n<p>Cal tindre en compte que els tractaments aeris, que nom\u00e9s ataquen a les larves, \u00fanicament poden realitzar-se baix determinades condicions&nbsp;i amb l&#8217;autoritzaci\u00f3 pr\u00e8via de la Conselleria de Sanitat Universal i Salut P\u00fablica. Aix\u00ed, despr\u00e9s de l&#8217;autoritzaci\u00f3 rebuda es podr\u00e0 actuar de manera a\u00e8ria durant tres dies, a partir d&#8217;este dimecres.<\/p>\n\n\n\n<p>A m\u00e9s, els experts recorden que els tractaments m\u00e9s efectius s\u00f3n els terrestres, ja que actuen sobre larves i individus adults. En este sentit,&nbsp;des de la Diputaci\u00f3 de Castell\u00f3 es continua intensificant durant esta setmana actuacions en tots els municipis litorals per a controlar l&#8217;eclosi\u00f3 de mosquits de marjal d&#8217;acord amb les pluges esdevingudes. Aix\u00ed, des de la instituci\u00f3 provincial s&#8217;han refor\u00e7at les labors d&#8217;inspecci\u00f3 i tractament terrestre, prioritzant els tractaments larvicides biol\u00f2gics amb l&#8217;\u00fas de&nbsp;Bacillus thuringiensis, bacteri que \u00fanicament afecten les larves de mosquit i de mosca negra, sense causar cap problema a la resta d&#8217;organismes.<\/p>\n\n\n\n<p><\/p>\n","protected":false},"excerpt":{"rendered":"<p>La instituci\u00f3 provincial ha rebut l&#8217;autoritzaci\u00f3 de la Conselleria de Sanitat Universal i Salut P\u00fablica per a poder actuar en zones de Burriana, Benic\u00e0ssim, Orpesa, Cabanes, Torreblanca i Pen\u00edscola on s&#8217;han detectat els primers exemplars de larves i hi ha acumulacions importants d&#8217;aigua que impedixen el seu acc\u00e9s i el seu tractament per mitjans terrestres. &#8230; <a title=\"La Diputaci\u00f3 de Castell\u00f3 intensifica la lluita contra els mosquits i realitzar\u00e0 tractaments aeris durant tres dies a partir d&#8217;este dimecres\" class=\"read-more\" href=\"https:\/\/elcafedepipa.com\/index.php\/2025\/07\/16\/la-diputacio-de-castello-intensifica-la-lluita-contra-els-mosquits-i-realitzara-tractaments-aeris-durant-tres-dies-a-partir-deste-dimecres\/\" aria-label=\"M\u00e9s informaci\u00f3 sobre La Diputaci\u00f3 de Castell\u00f3 intensifica la lluita contra els mosquits i realitzar\u00e0 tractaments aeris durant tres dies a partir d&#8217;este dimecres\">Read more<\/a><\/p>\n","protected":false},"author":2,"featured_media":15680,"comment_status":"closed","ping_status":"closed","sticky":false,"template":"","format":"standard","meta":{"om_disable_all_campaigns":false,"_monsterinsights_skip_tracking":false,"_monsterinsights_sitenote_active":false,"_monsterinsights_sitenote_note":"","_monsterinsights_sitenote_category":0,"_uf_show_specific_survey":0,"_uf_disable_surveys":false,"footnotes":""},"categories":[10],"tags":[],"class_list":["post-15679","post","type-post","status-publish","format-standard","has-post-thumbnail","hentry","category-provinciadecastello"],"_links":{"self":[{"href":"https:\/\/elcafedepipa.com\/index.php\/wp-json\/wp\/v2\/posts\/15679","targetHints":{"allow":["GET"]}}],"collection":[{"href":"https:\/\/elcafedepipa.com\/index.php\/wp-json\/wp\/v2\/posts"}],"about":[{"href":"https:\/\/elcafedepipa.com\/index.php\/wp-json\/wp\/v2\/types\/post"}],"author":[{"embeddable":true,"href":"https:\/\/elcafedepipa.com\/index.php\/wp-json\/wp\/v2\/users\/2"}],"replies":[{"embeddable":true,"href":"https:\/\/elcafedepipa.com\/index.php\/wp-json\/wp\/v2\/comments?post=15679"}],"version-history":[{"count":1,"href":"https:\/\/elcafedepipa.com\/index.php\/wp-json\/wp\/v2\/posts\/15679\/revisions"}],"predecessor-version":[{"id":15681,"href":"https:\/\/elcafedepipa.com\/index.php\/wp-json\/wp\/v2\/posts\/15679\/revisions\/15681"}],"wp:featuredmedia":[{"embeddable":true,"href":"https:\/\/elcafedepipa.com\/index.php\/wp-json\/wp\/v2\/media\/15680"}],"wp:attachment":[{"href":"https:\/\/elcafedepipa.com\/index.php\/wp-json\/wp\/v2\/media?parent=15679"}],"wp:term":[{"taxonomy":"category","embeddable":true,"href":"https:\/\/elcafedepipa.com\/index.php\/wp-json\/wp\/v2\/categories?post=15679"},{"taxonomy":"post_tag","embeddable":true,"href":"https:\/\/elcafedepipa.com\/index.php\/wp-json\/wp\/v2\/tags?post=15679"}],"curies":[{"name":"wp","href":"https:\/\/api.w.org\/{rel}","templated":true}]}}