{"id":15676,"date":"2025-07-16T12:38:44","date_gmt":"2025-07-16T10:38:44","guid":{"rendered":"https:\/\/elcafedepipa.com\/?p=15676"},"modified":"2025-07-16T12:38:44","modified_gmt":"2025-07-16T10:38:44","slug":"la-diputacio-de-castello-consolida-la-provincia-com-la-millor-terra-de-festivals","status":"publish","type":"post","link":"https:\/\/elcafedepipa.com\/index.php\/2025\/07\/16\/la-diputacio-de-castello-consolida-la-provincia-com-la-millor-terra-de-festivals\/","title":{"rendered":"La Diputaci\u00f3 de Castell\u00f3 consolida la prov\u00edncia com &#8220;la millor terra de festivals&#8221;"},"content":{"rendered":"\n<p>El vicepresident i responsable de l&#8217;\u00e0rea Tur\u00edstica, Andr\u00e9s Mart\u00ednez, ha participat este dimarts en la visita institucional al recinte de festivals de Benic\u00e0ssim abans de l&#8217;inici del FIB este dijous i que es desenvolupar\u00e0 fins al dissabte 19 de juliol.<\/p>\n\n\n\n<p>\u201cEls festivals de m\u00fasica s\u00f3n el gran reclam per a obrir Castell\u00f3 al turisme internacional i el FIB \u00e9s una gran plataforma de difusi\u00f3 tur\u00edstica per a la prov\u00edncia\u201d, ha assegurat el vicepresident, qui ha destacat l&#8217;aposta de la Diputaci\u00f3 de Castell\u00f3 pels grans festivals de m\u00fasica com a generadors d&#8217;oportunitats. \u201cLa nostra prov\u00edncia \u00e9s el millor escenari musical i continuarem treballant per a impulsar la marca \u2018Castell\u00f3 Terra de Festivals\u2019 i que la gent conega la nostra terra a trav\u00e9s de la m\u00fasica\u201d, ha concl\u00f2s Andr\u00e9s Mart\u00ednez.<\/p>\n\n\n\n<p><\/p>\n","protected":false},"excerpt":{"rendered":"<p>El vicepresident i responsable de l&#8217;\u00e0rea Tur\u00edstica, Andr\u00e9s Mart\u00ednez, ha participat este dimarts en la visita institucional al recinte de festivals de Benic\u00e0ssim abans de l&#8217;inici del FIB este dijous i que es desenvolupar\u00e0 fins al dissabte 19 de juliol. \u201cEls festivals de m\u00fasica s\u00f3n el gran reclam per a obrir Castell\u00f3 al turisme internacional &#8230; <a title=\"La Diputaci\u00f3 de Castell\u00f3 consolida la prov\u00edncia com &#8220;la millor terra de festivals&#8221;\" class=\"read-more\" href=\"https:\/\/elcafedepipa.com\/index.php\/2025\/07\/16\/la-diputacio-de-castello-consolida-la-provincia-com-la-millor-terra-de-festivals\/\" aria-label=\"M\u00e9s informaci\u00f3 sobre La Diputaci\u00f3 de Castell\u00f3 consolida la prov\u00edncia com &#8220;la millor terra de festivals&#8221;\">Read more<\/a><\/p>\n","protected":false},"author":2,"featured_media":15677,"comment_status":"closed","ping_status":"closed","sticky":false,"template":"","format":"standard","meta":{"om_disable_all_campaigns":false,"_monsterinsights_skip_tracking":false,"_monsterinsights_sitenote_active":false,"_monsterinsights_sitenote_note":"","_monsterinsights_sitenote_category":0,"_uf_show_specific_survey":0,"_uf_disable_surveys":false,"footnotes":""},"categories":[10],"tags":[],"class_list":["post-15676","post","type-post","status-publish","format-standard","has-post-thumbnail","hentry","category-provinciadecastello"],"_links":{"self":[{"href":"https:\/\/elcafedepipa.com\/index.php\/wp-json\/wp\/v2\/posts\/15676","targetHints":{"allow":["GET"]}}],"collection":[{"href":"https:\/\/elcafedepipa.com\/index.php\/wp-json\/wp\/v2\/posts"}],"about":[{"href":"https:\/\/elcafedepipa.com\/index.php\/wp-json\/wp\/v2\/types\/post"}],"author":[{"embeddable":true,"href":"https:\/\/elcafedepipa.com\/index.php\/wp-json\/wp\/v2\/users\/2"}],"replies":[{"embeddable":true,"href":"https:\/\/elcafedepipa.com\/index.php\/wp-json\/wp\/v2\/comments?post=15676"}],"version-history":[{"count":1,"href":"https:\/\/elcafedepipa.com\/index.php\/wp-json\/wp\/v2\/posts\/15676\/revisions"}],"predecessor-version":[{"id":15678,"href":"https:\/\/elcafedepipa.com\/index.php\/wp-json\/wp\/v2\/posts\/15676\/revisions\/15678"}],"wp:featuredmedia":[{"embeddable":true,"href":"https:\/\/elcafedepipa.com\/index.php\/wp-json\/wp\/v2\/media\/15677"}],"wp:attachment":[{"href":"https:\/\/elcafedepipa.com\/index.php\/wp-json\/wp\/v2\/media?parent=15676"}],"wp:term":[{"taxonomy":"category","embeddable":true,"href":"https:\/\/elcafedepipa.com\/index.php\/wp-json\/wp\/v2\/categories?post=15676"},{"taxonomy":"post_tag","embeddable":true,"href":"https:\/\/elcafedepipa.com\/index.php\/wp-json\/wp\/v2\/tags?post=15676"}],"curies":[{"name":"wp","href":"https:\/\/api.w.org\/{rel}","templated":true}]}}