{"id":15661,"date":"2025-07-15T14:46:38","date_gmt":"2025-07-15T12:46:38","guid":{"rendered":"https:\/\/elcafedepipa.com\/?p=15661"},"modified":"2025-07-15T14:46:39","modified_gmt":"2025-07-15T12:46:39","slug":"nules-contracta-a-46-persones-aturades-del-sector-agrari","status":"publish","type":"post","link":"https:\/\/elcafedepipa.com\/index.php\/2025\/07\/15\/nules-contracta-a-46-persones-aturades-del-sector-agrari\/","title":{"rendered":"Nules contracta a 46 persones aturades del sector agrari"},"content":{"rendered":"\n<p><strong>Destina un import de m\u00e9s de 181.000 euros per a aquesta actuaci\u00f3<\/strong><\/p>\n\n\n\n<p>L\u2019Ajuntament de Nules ha contractat a un total de 46 persones del sector agrari, que es trobaven en situaci\u00f3 de desocupaci\u00f3, per fer diferents tasques relacionades amb la neteja de barrancs, s\u00e8quies o la realitzaci\u00f3 de tractaments contra la Mosca del Mediterrani en el seu terme municipal.<\/p>\n\n\n\n<p>De fet, per a poder dur a terme aquesta contractaci\u00f3 el Servei P\u00fablic d\u2019Ocupaci\u00f3 Estatal (SEPE) ha assignat al consistori la quantitat de 181.204,96 euros. Per tant, aquesta actuaci\u00f3 s\u2019emmarca en el programa de foment de l\u2019ocupaci\u00f3 destinat a pal\u00b7liar la desocupaci\u00f3 agr\u00edcola estacional.<\/p>\n\n\n\n<p>Amb tot, 42 d\u2019aquestes persones treballen com a peons agraris i quatre com a fitosanitaris, les quals al llarg dels mesos de juliol i d\u2019agost estaran realitzant treballs de neteja i adequaci\u00f3 d\u2019embornals; manteniment de camins rurals i voltants;&nbsp; neteja de barrancs i s\u00e8quies;&nbsp; del parc natural municipal de l\u2019Estany i zones verdes; del canal de la Gola; i tamb\u00e9 portaran a terme tractaments contra la Mosca del Mediterrani en el terme municipal.<\/p>\n\n\n\n<p>D&#8217;aquesta manera, Nules es compromet, una vegada m\u00e9s, a pal\u00b7liar la desocupaci\u00f3 agr\u00e0ria del municipi, \u201caquesta subvenci\u00f3 ens permet, a m\u00e9s, portar a terme diferents actuacions de neteja i de manteniment del nostre terme municipal amb les quals es millora les condicions dels marges i vies d\u2019evacuaci\u00f3 d\u2019aigua i nivells a la marjaleria de cara a la pr\u00f2xima campanya\u201d, comenta el regidor d\u2019Agricultura, C\u00e9sar Esta\u00f1ol.<\/p>\n","protected":false},"excerpt":{"rendered":"<p>Destina un import de m\u00e9s de 181.000 euros per a aquesta actuaci\u00f3 L\u2019Ajuntament de Nules ha contractat a un total de 46 persones del sector agrari, que es trobaven en situaci\u00f3 de desocupaci\u00f3, per fer diferents tasques relacionades amb la neteja de barrancs, s\u00e8quies o la realitzaci\u00f3 de tractaments contra la Mosca del Mediterrani en &#8230; <a title=\"Nules contracta a 46 persones aturades del sector agrari\" class=\"read-more\" href=\"https:\/\/elcafedepipa.com\/index.php\/2025\/07\/15\/nules-contracta-a-46-persones-aturades-del-sector-agrari\/\" aria-label=\"M\u00e9s informaci\u00f3 sobre Nules contracta a 46 persones aturades del sector agrari\">Read more<\/a><\/p>\n","protected":false},"author":2,"featured_media":15662,"comment_status":"closed","ping_status":"closed","sticky":false,"template":"","format":"standard","meta":{"om_disable_all_campaigns":false,"_monsterinsights_skip_tracking":false,"_monsterinsights_sitenote_active":false,"_monsterinsights_sitenote_note":"","_monsterinsights_sitenote_category":0,"_uf_show_specific_survey":0,"_uf_disable_surveys":false,"footnotes":""},"categories":[3],"tags":[],"class_list":["post-15661","post","type-post","status-publish","format-standard","has-post-thumbnail","hentry","category-nules"],"_links":{"self":[{"href":"https:\/\/elcafedepipa.com\/index.php\/wp-json\/wp\/v2\/posts\/15661","targetHints":{"allow":["GET"]}}],"collection":[{"href":"https:\/\/elcafedepipa.com\/index.php\/wp-json\/wp\/v2\/posts"}],"about":[{"href":"https:\/\/elcafedepipa.com\/index.php\/wp-json\/wp\/v2\/types\/post"}],"author":[{"embeddable":true,"href":"https:\/\/elcafedepipa.com\/index.php\/wp-json\/wp\/v2\/users\/2"}],"replies":[{"embeddable":true,"href":"https:\/\/elcafedepipa.com\/index.php\/wp-json\/wp\/v2\/comments?post=15661"}],"version-history":[{"count":1,"href":"https:\/\/elcafedepipa.com\/index.php\/wp-json\/wp\/v2\/posts\/15661\/revisions"}],"predecessor-version":[{"id":15663,"href":"https:\/\/elcafedepipa.com\/index.php\/wp-json\/wp\/v2\/posts\/15661\/revisions\/15663"}],"wp:featuredmedia":[{"embeddable":true,"href":"https:\/\/elcafedepipa.com\/index.php\/wp-json\/wp\/v2\/media\/15662"}],"wp:attachment":[{"href":"https:\/\/elcafedepipa.com\/index.php\/wp-json\/wp\/v2\/media?parent=15661"}],"wp:term":[{"taxonomy":"category","embeddable":true,"href":"https:\/\/elcafedepipa.com\/index.php\/wp-json\/wp\/v2\/categories?post=15661"},{"taxonomy":"post_tag","embeddable":true,"href":"https:\/\/elcafedepipa.com\/index.php\/wp-json\/wp\/v2\/tags?post=15661"}],"curies":[{"name":"wp","href":"https:\/\/api.w.org\/{rel}","templated":true}]}}