{"id":15654,"date":"2025-07-15T14:10:16","date_gmt":"2025-07-15T12:10:16","guid":{"rendered":"https:\/\/elcafedepipa.com\/?p=15654"},"modified":"2025-07-15T14:10:17","modified_gmt":"2025-07-15T12:10:17","slug":"la-diputacio-sollicitara-al-govern-despanya-la-declaracio-de-zona-afectada-greument-per-als-municipis-que-han-patit-els-danys-meteorologics-el-passat-dissabte","status":"publish","type":"post","link":"https:\/\/elcafedepipa.com\/index.php\/2025\/07\/15\/la-diputacio-sollicitara-al-govern-despanya-la-declaracio-de-zona-afectada-greument-per-als-municipis-que-han-patit-els-danys-meteorologics-el-passat-dissabte\/","title":{"rendered":"La Diputaci\u00f3 sol\u00b7licitar\u00e0 al Govern d&#8217;Espanya la declaraci\u00f3 de zona afectada greument per als municipis que han patit els danys meteorol\u00f2gics el passat dissabte"},"content":{"rendered":"\n<p>El Govern Provincial ha impulsat una moci\u00f3 per a la seua aprovaci\u00f3 en el ple del pr\u00f2xim dimarts 22 de juliol amb la finalitat de sol\u00b7licitar al Govern Central l&#8217;activaci\u00f3 d&#8217;ajudes directes a titulars d&#8217;explotacions agr\u00e0ries per danys en les produccions, per a la reparaci\u00f3 d&#8217;infraestructures aix\u00ed com implementar mesures fiscals i exempcions en les cotitzacions a la Seguretat Social.<\/p>\n\n\n\n<p>\u201cDes de la Diputaci\u00f3 de Castell\u00f3 vam mostrar el nostre m\u00e0xim suport a l&#8217;agricultura, senya d&#8217;identitat i pilar econ\u00f2mic per a la nostra prov\u00edncia, i per aix\u00f2 alcem la veu perqu\u00e8 arribe l&#8217;ajuda necess\u00e0ria\u201d, ha expressat la presidenta de la instituci\u00f3 provincial, Marta Barrachina.<\/p>\n\n\n\n<p>Com s&#8217;explica en la moci\u00f3 que es debatr\u00e0 en el ple ordinari d&#8217;este mes de juliol, el passat 12 de juliol diverses zones de la prov\u00edncia de Castell\u00f3 es van veure greument afectades per les precipitacions d&#8217;elevada intensitat, fort vent i episodis de gran\u00edssol que van provocar importants danys en explotacions agr\u00edcoles, afeccions a infraestructures agr\u00e0ries i p\u00e8rdues econ\u00f2miques severes per al sector agrari i agroalimentari de les zones afectades. Municipis de l&#8217;Alt Pal\u00e0ncia i la Plana Baixa han sigut els m\u00e9s perjudicats per este temporal i entre els cultius principals afectats es troben els c\u00edtrics, fruiters, hortalisses, olivar i ametler. \u201cEn tot just unes hores, el temporal va posar en escac tot el treball, la collita i el futur d&#8217;agricultors, de ve\u00efns de la nostra prov\u00edncia i per aix\u00f2 des de la Diputaci\u00f3 exigim al Govern Central que el nostre camp siga escoltat i at\u00e9s\u201d.<\/p>\n\n\n\n<p>Amb tot, la Diputaci\u00f3 Provincial de Castell\u00f3 sol\u00b7licitar\u00e0 al Govern d&#8217;Espanya que es procedisca a la declaraci\u00f3 com a zona afectada greument per una emerg\u00e8ncia de protecci\u00f3 civil de tots els municipis afectats. Aix\u00ed mateix, a trav\u00e9s de la moci\u00f3 se sol\u00b7licitar\u00e0 al Govern Central que, en coordinaci\u00f3 amb la Generalitat Valenciana, active les mesures de suport contemplades en el marc de la Llei del Sistema Nacional de Protecci\u00f3 Civil. Entre estes mesures s&#8217;inclouen ajudes directes a titulars d&#8217;explotacions agr\u00e0ries afectades pels danys produ\u00efts en les produccions agr\u00edcola, ramaderes i forestals, a m\u00e9s subvencions per a la reparaci\u00f3 d&#8217;infraestructures agr\u00e0ries, incentius fiscals, exempcions en les cotitzacions a la Seguretat Social, i qualsevol altra forma de suport que poguera establir-se.<\/p>\n","protected":false},"excerpt":{"rendered":"<p>El Govern Provincial ha impulsat una moci\u00f3 per a la seua aprovaci\u00f3 en el ple del pr\u00f2xim dimarts 22 de juliol amb la finalitat de sol\u00b7licitar al Govern Central l&#8217;activaci\u00f3 d&#8217;ajudes directes a titulars d&#8217;explotacions agr\u00e0ries per danys en les produccions, per a la reparaci\u00f3 d&#8217;infraestructures aix\u00ed com implementar mesures fiscals i exempcions en les &#8230; <a title=\"La Diputaci\u00f3 sol\u00b7licitar\u00e0 al Govern d&#8217;Espanya la declaraci\u00f3 de zona afectada greument per als municipis que han patit els danys meteorol\u00f2gics el passat dissabte\" class=\"read-more\" href=\"https:\/\/elcafedepipa.com\/index.php\/2025\/07\/15\/la-diputacio-sollicitara-al-govern-despanya-la-declaracio-de-zona-afectada-greument-per-als-municipis-que-han-patit-els-danys-meteorologics-el-passat-dissabte\/\" aria-label=\"M\u00e9s informaci\u00f3 sobre La Diputaci\u00f3 sol\u00b7licitar\u00e0 al Govern d&#8217;Espanya la declaraci\u00f3 de zona afectada greument per als municipis que han patit els danys meteorol\u00f2gics el passat dissabte\">Read more<\/a><\/p>\n","protected":false},"author":2,"featured_media":15655,"comment_status":"closed","ping_status":"closed","sticky":false,"template":"","format":"standard","meta":{"om_disable_all_campaigns":false,"_monsterinsights_skip_tracking":false,"_monsterinsights_sitenote_active":false,"_monsterinsights_sitenote_note":"","_monsterinsights_sitenote_category":0,"_uf_show_specific_survey":0,"_uf_disable_surveys":false,"footnotes":""},"categories":[10],"tags":[],"class_list":["post-15654","post","type-post","status-publish","format-standard","has-post-thumbnail","hentry","category-provinciadecastello"],"_links":{"self":[{"href":"https:\/\/elcafedepipa.com\/index.php\/wp-json\/wp\/v2\/posts\/15654","targetHints":{"allow":["GET"]}}],"collection":[{"href":"https:\/\/elcafedepipa.com\/index.php\/wp-json\/wp\/v2\/posts"}],"about":[{"href":"https:\/\/elcafedepipa.com\/index.php\/wp-json\/wp\/v2\/types\/post"}],"author":[{"embeddable":true,"href":"https:\/\/elcafedepipa.com\/index.php\/wp-json\/wp\/v2\/users\/2"}],"replies":[{"embeddable":true,"href":"https:\/\/elcafedepipa.com\/index.php\/wp-json\/wp\/v2\/comments?post=15654"}],"version-history":[{"count":1,"href":"https:\/\/elcafedepipa.com\/index.php\/wp-json\/wp\/v2\/posts\/15654\/revisions"}],"predecessor-version":[{"id":15656,"href":"https:\/\/elcafedepipa.com\/index.php\/wp-json\/wp\/v2\/posts\/15654\/revisions\/15656"}],"wp:featuredmedia":[{"embeddable":true,"href":"https:\/\/elcafedepipa.com\/index.php\/wp-json\/wp\/v2\/media\/15655"}],"wp:attachment":[{"href":"https:\/\/elcafedepipa.com\/index.php\/wp-json\/wp\/v2\/media?parent=15654"}],"wp:term":[{"taxonomy":"category","embeddable":true,"href":"https:\/\/elcafedepipa.com\/index.php\/wp-json\/wp\/v2\/categories?post=15654"},{"taxonomy":"post_tag","embeddable":true,"href":"https:\/\/elcafedepipa.com\/index.php\/wp-json\/wp\/v2\/tags?post=15654"}],"curies":[{"name":"wp","href":"https:\/\/api.w.org\/{rel}","templated":true}]}}