{"id":15647,"date":"2025-07-15T12:32:04","date_gmt":"2025-07-15T10:32:04","guid":{"rendered":"https:\/\/elcafedepipa.com\/?p=15647"},"modified":"2025-07-15T12:32:04","modified_gmt":"2025-07-15T10:32:04","slug":"la-ciutadania-de-la-vall-duixo-ja-pot-avisar-directament-davaries-en-lenllumenat-public-les-24-hores-del-dia","status":"publish","type":"post","link":"https:\/\/elcafedepipa.com\/index.php\/2025\/07\/15\/la-ciutadania-de-la-vall-duixo-ja-pot-avisar-directament-davaries-en-lenllumenat-public-les-24-hores-del-dia\/","title":{"rendered":"La ciutadania de la Vall d\u2019Uix\u00f3 ja pot avisar directament d\u2019avaries en l\u2019enllumenat p\u00fablic les 24 hores del dia"},"content":{"rendered":"\n<p><strong>El tel\u00e8fon de contacte \u00e9s el 864 87 90 11 i permet comunicar incid\u00e8ncies, com fanals fundits o encesos tot el dia, i accelerar les reparacions<\/strong><\/p>\n\n\n\n<p>L\u2019Ajuntament de la Vall d\u2019Uix\u00f3, en coordinaci\u00f3 amb l\u2019empresa concession\u00e0ria <strong>Alumvall<\/strong>, ha posat en marxa un nou <strong>servei telef\u00f2nic d\u2019atenci\u00f3 24 hores<\/strong> per comunicar <strong>incid\u00e8ncies en l\u2019enllumenat p\u00fablic<\/strong>, com ara fanals fundits, llumin\u00e0ries avariades o que estan enceses tot el dia, o qualsevol situaci\u00f3 que afecte el funcionament correcte del servei.<\/p>\n\n\n\n<p>El tel\u00e8fon d\u2019atenci\u00f3 \u00e9s el <strong>864 87 90 11<\/strong> i est\u00e0 operatiu <strong>les 24 hores del dia i tots els dies de l\u2019any<\/strong>, de manera que la ciutadania pot informar de forma directa i immediata de qualsevol problema relacionat amb la il\u00b7luminaci\u00f3 dels carrers, places o espais p\u00fablics.<\/p>\n\n\n\n<p>Amb esta mesura, l\u2019Ajuntament pret\u00e9n <strong>millorar l\u2019agilitat i l\u2019efici\u00e8ncia en la resposta a les incid\u00e8ncies i millorar el servei d\u2019enllumenat <\/strong>a la via p\u00fablica. A m\u00e9s, es facilita la <strong>col\u00b7laboraci\u00f3 ciutadana<\/strong> en la detecci\u00f3 d\u2019avaries, amb l\u2019objectiu de garantir un servei \u00f2ptim i m\u00e9s pr\u00f2xim i que permeta millorar la resposta davant una avaria.<\/p>\n\n\n\n<p>Des d l\u2019Ajuntament s\u2019agra\u00efx la implicaci\u00f3 de la poblaci\u00f3 i es fa una crida a utilitzar aquest nou canal, que s\u2019ha posat en funcionament per petici\u00f3 municipal dins de la comissi\u00f3 de seguiment del contracte amb l\u2019empresa concession\u00e0ria. Aix\u00ed s\u2019acceleraran les reparacions, prestan un servei m\u00e9s eficient i amb una millor atenci\u00f3 als ve\u00efns i ve\u00efnes.<\/p>\n","protected":false},"excerpt":{"rendered":"<p>El tel\u00e8fon de contacte \u00e9s el 864 87 90 11 i permet comunicar incid\u00e8ncies, com fanals fundits o encesos tot el dia, i accelerar les reparacions L\u2019Ajuntament de la Vall d\u2019Uix\u00f3, en coordinaci\u00f3 amb l\u2019empresa concession\u00e0ria Alumvall, ha posat en marxa un nou servei telef\u00f2nic d\u2019atenci\u00f3 24 hores per comunicar incid\u00e8ncies en l\u2019enllumenat p\u00fablic, com &#8230; <a title=\"La ciutadania de la Vall d\u2019Uix\u00f3 ja pot avisar directament d\u2019avaries en l\u2019enllumenat p\u00fablic les 24 hores del dia\" class=\"read-more\" href=\"https:\/\/elcafedepipa.com\/index.php\/2025\/07\/15\/la-ciutadania-de-la-vall-duixo-ja-pot-avisar-directament-davaries-en-lenllumenat-public-les-24-hores-del-dia\/\" aria-label=\"M\u00e9s informaci\u00f3 sobre La ciutadania de la Vall d\u2019Uix\u00f3 ja pot avisar directament d\u2019avaries en l\u2019enllumenat p\u00fablic les 24 hores del dia\">Read more<\/a><\/p>\n","protected":false},"author":2,"featured_media":15648,"comment_status":"closed","ping_status":"closed","sticky":false,"template":"","format":"standard","meta":{"om_disable_all_campaigns":false,"_monsterinsights_skip_tracking":false,"_monsterinsights_sitenote_active":false,"_monsterinsights_sitenote_note":"","_monsterinsights_sitenote_category":0,"_uf_show_specific_survey":0,"_uf_disable_surveys":false,"footnotes":""},"categories":[1],"tags":[],"class_list":["post-15647","post","type-post","status-publish","format-standard","has-post-thumbnail","hentry","category-non-classe"],"_links":{"self":[{"href":"https:\/\/elcafedepipa.com\/index.php\/wp-json\/wp\/v2\/posts\/15647","targetHints":{"allow":["GET"]}}],"collection":[{"href":"https:\/\/elcafedepipa.com\/index.php\/wp-json\/wp\/v2\/posts"}],"about":[{"href":"https:\/\/elcafedepipa.com\/index.php\/wp-json\/wp\/v2\/types\/post"}],"author":[{"embeddable":true,"href":"https:\/\/elcafedepipa.com\/index.php\/wp-json\/wp\/v2\/users\/2"}],"replies":[{"embeddable":true,"href":"https:\/\/elcafedepipa.com\/index.php\/wp-json\/wp\/v2\/comments?post=15647"}],"version-history":[{"count":1,"href":"https:\/\/elcafedepipa.com\/index.php\/wp-json\/wp\/v2\/posts\/15647\/revisions"}],"predecessor-version":[{"id":15649,"href":"https:\/\/elcafedepipa.com\/index.php\/wp-json\/wp\/v2\/posts\/15647\/revisions\/15649"}],"wp:featuredmedia":[{"embeddable":true,"href":"https:\/\/elcafedepipa.com\/index.php\/wp-json\/wp\/v2\/media\/15648"}],"wp:attachment":[{"href":"https:\/\/elcafedepipa.com\/index.php\/wp-json\/wp\/v2\/media?parent=15647"}],"wp:term":[{"taxonomy":"category","embeddable":true,"href":"https:\/\/elcafedepipa.com\/index.php\/wp-json\/wp\/v2\/categories?post=15647"},{"taxonomy":"post_tag","embeddable":true,"href":"https:\/\/elcafedepipa.com\/index.php\/wp-json\/wp\/v2\/tags?post=15647"}],"curies":[{"name":"wp","href":"https:\/\/api.w.org\/{rel}","templated":true}]}}