{"id":15643,"date":"2025-07-15T14:10:00","date_gmt":"2025-07-15T12:10:00","guid":{"rendered":"https:\/\/elcafedepipa.com\/?p=15643"},"modified":"2025-07-15T11:12:39","modified_gmt":"2025-07-15T09:12:39","slug":"podcast-amb-lalcalde-de-nules-david-garcia-repassem-lactualitat-del-municipi-tambe-hem-parlat-del-projecte-politic-municipalistas","status":"publish","type":"post","link":"https:\/\/elcafedepipa.com\/index.php\/2025\/07\/15\/podcast-amb-lalcalde-de-nules-david-garcia-repassem-lactualitat-del-municipi-tambe-hem-parlat-del-projecte-politic-municipalistas\/","title":{"rendered":"Podcast | Amb l&#8217;alcalde de Nules, David Garc\u00eda, repassem l&#8217;actualitat del municipi. Tamb\u00e9 hem parlat del projecte pol\u00edtic &#8216;Municipalistas&#8217;."},"content":{"rendered":"\n<figure class=\"wp-block-audio\"><audio controls src=\"https:\/\/elcafedepipa.com\/wp-content\/uploads\/2025\/07\/davidgarcia.mp3\"><\/audio><\/figure>\n","protected":false},"excerpt":{"rendered":"","protected":false},"author":2,"featured_media":15644,"comment_status":"closed","ping_status":"closed","sticky":false,"template":"","format":"standard","meta":{"om_disable_all_campaigns":false,"_monsterinsights_skip_tracking":false,"_monsterinsights_sitenote_active":false,"_monsterinsights_sitenote_note":"","_monsterinsights_sitenote_category":0,"_uf_show_specific_survey":0,"_uf_disable_surveys":false,"footnotes":""},"categories":[3],"tags":[],"class_list":["post-15643","post","type-post","status-publish","format-standard","has-post-thumbnail","hentry","category-nules"],"_links":{"self":[{"href":"https:\/\/elcafedepipa.com\/index.php\/wp-json\/wp\/v2\/posts\/15643","targetHints":{"allow":["GET"]}}],"collection":[{"href":"https:\/\/elcafedepipa.com\/index.php\/wp-json\/wp\/v2\/posts"}],"about":[{"href":"https:\/\/elcafedepipa.com\/index.php\/wp-json\/wp\/v2\/types\/post"}],"author":[{"embeddable":true,"href":"https:\/\/elcafedepipa.com\/index.php\/wp-json\/wp\/v2\/users\/2"}],"replies":[{"embeddable":true,"href":"https:\/\/elcafedepipa.com\/index.php\/wp-json\/wp\/v2\/comments?post=15643"}],"version-history":[{"count":1,"href":"https:\/\/elcafedepipa.com\/index.php\/wp-json\/wp\/v2\/posts\/15643\/revisions"}],"predecessor-version":[{"id":15646,"href":"https:\/\/elcafedepipa.com\/index.php\/wp-json\/wp\/v2\/posts\/15643\/revisions\/15646"}],"wp:featuredmedia":[{"embeddable":true,"href":"https:\/\/elcafedepipa.com\/index.php\/wp-json\/wp\/v2\/media\/15644"}],"wp:attachment":[{"href":"https:\/\/elcafedepipa.com\/index.php\/wp-json\/wp\/v2\/media?parent=15643"}],"wp:term":[{"taxonomy":"category","embeddable":true,"href":"https:\/\/elcafedepipa.com\/index.php\/wp-json\/wp\/v2\/categories?post=15643"},{"taxonomy":"post_tag","embeddable":true,"href":"https:\/\/elcafedepipa.com\/index.php\/wp-json\/wp\/v2\/tags?post=15643"}],"curies":[{"name":"wp","href":"https:\/\/api.w.org\/{rel}","templated":true}]}}