{"id":15630,"date":"2025-07-14T15:06:59","date_gmt":"2025-07-14T13:06:59","guid":{"rendered":"https:\/\/elcafedepipa.com\/?p=15630"},"modified":"2025-07-14T15:07:16","modified_gmt":"2025-07-14T13:07:16","slug":"nules-i-llauradors-treballen-junts-en-la-valoracio-dels-danys-ocasionats-per-la-pedregada","status":"publish","type":"post","link":"https:\/\/elcafedepipa.com\/index.php\/2025\/07\/14\/nules-i-llauradors-treballen-junts-en-la-valoracio-dels-danys-ocasionats-per-la-pedregada\/","title":{"rendered":"Nules i llauradors treballen junts en la valoraci\u00f3 dels danys ocasionats per la pedregada"},"content":{"rendered":"\n<p><strong>El Secretari Auton\u00f2mic d\u2019Agricultura visita Nules i donar\u00e0 suport a la proposta municipal de Declaraci\u00f3 de Zona Catastr\u00f2fica<\/strong><\/p>\n\n\n\n<p>L\u2019Ajuntament de Nules segueix treballant en l\u2019avaluaci\u00f3 de danys ocasionats al seu terme municipal per la pedregada registrada dissabte passat. En aquest sentit, l\u2019Alcalde de Nules, David Garc\u00eda, i el cap de la Policia Local, Ernesto Hurtado, s\u2019han reunit hui amb una representaci\u00f3 de l\u2019Associaci\u00f3 Independent de Llauradors de Nules i de l\u2019Associaci\u00f3 Nules el Valor de la Marjal per a valorar els danys i consensuar una l\u00ednia de col\u00b7laboraci\u00f3 entre l\u2019administraci\u00f3 local i el sector agrari del municipi.<\/p>\n\n\n\n<p>Aix\u00ed, entre les mesures acordades cal destacar el treball conjunt entre la patrulla rural de la Policia Local i els llauradors per registrar els danys al camp, per aix\u00ed facilitar als llauradors les tasques a l\u2019hora de presentar els corresponents informes a les assegurances. Davant a\u00e7\u00f2, l\u2019Alcalde, David Garc\u00eda, comenta que \u201cun dels sectors m\u00e9s afectats de la localitat \u00e9s l\u2019agrari, les p\u00e8rdues s\u00f3n quantioses i hem valorat juntament amb els llauradors els principals danys ocasionats per la pedregada\u201d.<\/p>\n\n\n\n<p><strong>Visita del Secretari Auton\u00f2mic d\u2019Agricultura<\/strong><\/p>\n\n\n\n<p>Per l\u2019altra banda, el Secretari Auton\u00f2mic d\u2019Agricultura, Vicente Tejedo, ha visitat hui Nules i s\u2019ha reunit en un dels horts afectats amb l\u2019Alcalde, David Garc\u00eda; el regidor d\u2019Agricultura, C\u00e9sar Esta\u00f1ol; i amb altres regidors de la Corporaci\u00f3 Municipal; a m\u00e9s tamb\u00e9 es trobava una representaci\u00f3 de l\u2019Associaci\u00f3 Independent de Llauradors de Nules, i de la Cooperativa Agr\u00edcola Sant Josep de Nules.<\/p>\n\n\n\n<p>El Secretari Autorn\u00f2mic d\u2019Agricultura s\u2019ha comprom\u00e9s a donar suport a l\u2019Ajuntament de Nules a la sol\u00b7licitud feta al Govern d\u2019Espanya per a que declare Nules com a Zona Catastr\u00f2fica.<\/p>\n\n\n\n<p>Davant a\u00e7\u00f2, Tejedo ha manifest que dimarts presentar\u00e0 una proposta al Consell de la Generalitat Valenciana per a formalitzat aquest suport, amb el qual es vol que s\u2019incloga tamb\u00e9 tota la zona citr\u00edcola del terme municipal de Nules.<\/p>\n\n\n\n<figure class=\"wp-block-image size-large\"><img fetchpriority=\"high\" decoding=\"async\" width=\"768\" height=\"1024\" src=\"https:\/\/elcafedepipa.com\/wp-content\/uploads\/2025\/07\/nules-1-768x1024.jpg\" alt=\"\" class=\"wp-image-15633\" srcset=\"https:\/\/elcafedepipa.com\/wp-content\/uploads\/2025\/07\/nules-1-768x1024.jpg 768w, https:\/\/elcafedepipa.com\/wp-content\/uploads\/2025\/07\/nules-1-225x300.jpg 225w, https:\/\/elcafedepipa.com\/wp-content\/uploads\/2025\/07\/nules-1-1152x1536.jpg 1152w, https:\/\/elcafedepipa.com\/wp-content\/uploads\/2025\/07\/nules-1.jpg 1530w\" sizes=\"(max-width: 768px) 100vw, 768px\" \/><\/figure>\n","protected":false},"excerpt":{"rendered":"<p>El Secretari Auton\u00f2mic d\u2019Agricultura visita Nules i donar\u00e0 suport a la proposta municipal de Declaraci\u00f3 de Zona Catastr\u00f2fica L\u2019Ajuntament de Nules segueix treballant en l\u2019avaluaci\u00f3 de danys ocasionats al seu terme municipal per la pedregada registrada dissabte passat. En aquest sentit, l\u2019Alcalde de Nules, David Garc\u00eda, i el cap de la Policia Local, Ernesto Hurtado, &#8230; <a title=\"Nules i llauradors treballen junts en la valoraci\u00f3 dels danys ocasionats per la pedregada\" class=\"read-more\" href=\"https:\/\/elcafedepipa.com\/index.php\/2025\/07\/14\/nules-i-llauradors-treballen-junts-en-la-valoracio-dels-danys-ocasionats-per-la-pedregada\/\" aria-label=\"M\u00e9s informaci\u00f3 sobre Nules i llauradors treballen junts en la valoraci\u00f3 dels danys ocasionats per la pedregada\">Read more<\/a><\/p>\n","protected":false},"author":2,"featured_media":15631,"comment_status":"closed","ping_status":"closed","sticky":false,"template":"","format":"standard","meta":{"om_disable_all_campaigns":false,"_monsterinsights_skip_tracking":false,"_monsterinsights_sitenote_active":false,"_monsterinsights_sitenote_note":"","_monsterinsights_sitenote_category":0,"_uf_show_specific_survey":0,"_uf_disable_surveys":false,"footnotes":""},"categories":[3],"tags":[],"class_list":["post-15630","post","type-post","status-publish","format-standard","has-post-thumbnail","hentry","category-nules"],"_links":{"self":[{"href":"https:\/\/elcafedepipa.com\/index.php\/wp-json\/wp\/v2\/posts\/15630","targetHints":{"allow":["GET"]}}],"collection":[{"href":"https:\/\/elcafedepipa.com\/index.php\/wp-json\/wp\/v2\/posts"}],"about":[{"href":"https:\/\/elcafedepipa.com\/index.php\/wp-json\/wp\/v2\/types\/post"}],"author":[{"embeddable":true,"href":"https:\/\/elcafedepipa.com\/index.php\/wp-json\/wp\/v2\/users\/2"}],"replies":[{"embeddable":true,"href":"https:\/\/elcafedepipa.com\/index.php\/wp-json\/wp\/v2\/comments?post=15630"}],"version-history":[{"count":2,"href":"https:\/\/elcafedepipa.com\/index.php\/wp-json\/wp\/v2\/posts\/15630\/revisions"}],"predecessor-version":[{"id":15634,"href":"https:\/\/elcafedepipa.com\/index.php\/wp-json\/wp\/v2\/posts\/15630\/revisions\/15634"}],"wp:featuredmedia":[{"embeddable":true,"href":"https:\/\/elcafedepipa.com\/index.php\/wp-json\/wp\/v2\/media\/15631"}],"wp:attachment":[{"href":"https:\/\/elcafedepipa.com\/index.php\/wp-json\/wp\/v2\/media?parent=15630"}],"wp:term":[{"taxonomy":"category","embeddable":true,"href":"https:\/\/elcafedepipa.com\/index.php\/wp-json\/wp\/v2\/categories?post=15630"},{"taxonomy":"post_tag","embeddable":true,"href":"https:\/\/elcafedepipa.com\/index.php\/wp-json\/wp\/v2\/tags?post=15630"}],"curies":[{"name":"wp","href":"https:\/\/api.w.org\/{rel}","templated":true}]}}