{"id":15619,"date":"2025-07-14T14:05:45","date_gmt":"2025-07-14T12:05:45","guid":{"rendered":"https:\/\/elcafedepipa.com\/?p=15619"},"modified":"2025-07-14T14:05:46","modified_gmt":"2025-07-14T12:05:46","slug":"la-diputacio-de-castello-vertebra-la-provincia-amb-la-rehabilitacio-i-millora-de-33-quilometres-de-carreteres","status":"publish","type":"post","link":"https:\/\/elcafedepipa.com\/index.php\/2025\/07\/14\/la-diputacio-de-castello-vertebra-la-provincia-amb-la-rehabilitacio-i-millora-de-33-quilometres-de-carreteres\/","title":{"rendered":"La Diputaci\u00f3 de Castell\u00f3 vertebra la prov\u00edncia amb la rehabilitaci\u00f3 i millora de 33 quil\u00f2metres de carreteres\u00a0"},"content":{"rendered":"\n<p>El Govern Provincial ha fet balan\u00e7 de les actuacions dutes a terme en 27 carreteres des de l&#8217;inici de legislatura juntament amb les previstes enguany, i totes elles sumen 26,8 milions d&#8217;euros.<\/p>\n\n\n\n<p>\u201cLes bones connexions s\u00f3n una necessitat per als nostres pobles i per a consolidar la poblaci\u00f3 en el conjunt del territori; per aix\u00f2, redoblem els esfor\u00e7os i incrementem la inversi\u00f3 que aconseguir\u00e0 l&#8217;hist\u00f2ric de 35 milions en tota la legislatura\u201d, ha destacat la presidenta de la instituci\u00f3 provincial, Marta Barrachina.<\/p>\n\n\n\n<p>Quant a les actuacions ja dutes a terme i les previstes el present exercici, s&#8217;han millorat viaris localitzats en diversos punts de la prov\u00edncia \u201camb l&#8217;objectiu posat en qu\u00e8 les connexions siguen una realitat de nord a sud de la prov\u00edncia i posant l&#8217;accent en els municipis d&#8217;interior\u201d, ha explicat la dirigent provincial, qui ha incidit en qu\u00e8 \u201ctotes les actuacions ja executades i les previstes en el nostre full de ruta s\u00f3n reflex de l&#8217;aposta decidida per este Govern Provincial per millorar la seguretat vi\u00e0ria i la comunicaci\u00f3 entre els municipis, aix\u00ed com la qualitat de vida dels castellonencs\u201d.<\/p>\n\n\n\n<p>La CV-207 Barracas-Pobla Aren\u00f3s, la CV-154 La Serratella-Alboc\u00e0sser, la CV-105 La Senia-Torremir\u00f3, la CV-213 Navajas-Algimia de Almonacid, la CV-100 San Rafael del R\u00edo s\u00f3n alguns dels vials que han sigut objecte de millora. I, dins del llistat de les obres per al present exercici, s&#8217;inclou la CV-138 de Vinar\u00f2s a C\u00e0lig. La presidenta Marta Barrachina, al costat del vicepresident i responsable de l&#8217;\u00e0rea d&#8217;Infraestructures, H\u00e9ctor Folgado, el vicepresident Andr\u00e9s Mart\u00ednez, t\u00e8cnics i representants municipals de C\u00e0lig, ha visitat les obres en este vial, les quals consistixen en la millora de les caracter\u00edstiques geom\u00e8triques de la carreteres, tant en planta com en al\u00e7at, i en l&#8217;ampliaci\u00f3 de la cal\u00e7ada fins als 6,60 metres d&#8217;ampl\u00e0ria, \u201cque permetran la circulaci\u00f3 de vehicles pesants millorant la capacitat de la carretera CV-138\u201d, ha explicat H\u00e9ctor Folgado. Dins dels treballs previstos, tamb\u00e9 s&#8217;adequaran els sistemes de drenatge transversal i longitudinal, implantant-se nous sistemes de contenci\u00f3 de vehicles, aix\u00ed com la senyalitzaci\u00f3 vertical i horitzontal, proporcionant la seguretat vi\u00e0ria adequada a este tram de la carretera CV-138.<\/p>\n\n\n\n<p>El pressupost total de l&#8217;actuaci\u00f3 \u00e9s de 605.000 euros i, com ha incidit el vicepresident provincial, \u201cles millores de seguretat vi\u00e0ria i funcionalitat que s&#8217;aconseguir\u00e0 a trav\u00e9s d&#8217;esta actuaci\u00f3, impulsar\u00e0 la mobilitat segura i sostenible a la comarca del Baix Maestrat\u201d.<\/p>\n\n\n\n<p><strong>Inversi\u00f3 hist\u00f2rica<\/strong><\/p>\n\n\n\n<p>Recordar que, al costat de les actuacions ja executades i projectades, la Diputaci\u00f3 ha injectat 2,4 milions d&#8217;euros m\u00e9s al manteniment i millora de les&nbsp;carreteres&nbsp;de la prov\u00edncia i aconseguir\u00e0 la inversi\u00f3 r\u00e8cord de 35 milions en la present legislatura. Al respecte, el ple del passat mes de juny va aprovar per unanimitat la&nbsp;modificaci\u00f3 del contracte destinat al manteniment i conservaci\u00f3 de la xarxa vi\u00e0ria provincial amb la finalitat de continuar vertebrant la prov\u00edncia, acurtar dist\u00e0ncies i contribuir a fixar la poblaci\u00f3 en el territori. Una aprovaci\u00f3 que es tradu\u00efx a sumar 800.000 euros al contracte de manteniment, conservaci\u00f3 i modernitzaci\u00f3 de la xarxa de&nbsp;carreteres, la qual cosa representa un increment del 10% de l&#8217;import previst per a cada anualitat. Aix\u00ed, el contracte passa a 8.800.000 de manera anual fins al 2027, per la qual cosa la inversi\u00f3 prevista en estos tres anys aconseguix els 26,4 milions. Una xifra que permetr\u00e0 superar els 35 milions en la present legislatura.<\/p>\n\n\n\n<p><\/p>\n\n\n\n<p><\/p>\n","protected":false},"excerpt":{"rendered":"<p>El Govern Provincial ha fet balan\u00e7 de les actuacions dutes a terme en 27 carreteres des de l&#8217;inici de legislatura juntament amb les previstes enguany, i totes elles sumen 26,8 milions d&#8217;euros. \u201cLes bones connexions s\u00f3n una necessitat per als nostres pobles i per a consolidar la poblaci\u00f3 en el conjunt del territori; per aix\u00f2, &#8230; <a title=\"La Diputaci\u00f3 de Castell\u00f3 vertebra la prov\u00edncia amb la rehabilitaci\u00f3 i millora de 33 quil\u00f2metres de carreteres\u00a0\" class=\"read-more\" href=\"https:\/\/elcafedepipa.com\/index.php\/2025\/07\/14\/la-diputacio-de-castello-vertebra-la-provincia-amb-la-rehabilitacio-i-millora-de-33-quilometres-de-carreteres\/\" aria-label=\"M\u00e9s informaci\u00f3 sobre La Diputaci\u00f3 de Castell\u00f3 vertebra la prov\u00edncia amb la rehabilitaci\u00f3 i millora de 33 quil\u00f2metres de carreteres\u00a0\">Read more<\/a><\/p>\n","protected":false},"author":2,"featured_media":15620,"comment_status":"closed","ping_status":"closed","sticky":false,"template":"","format":"standard","meta":{"om_disable_all_campaigns":false,"_monsterinsights_skip_tracking":false,"_monsterinsights_sitenote_active":false,"_monsterinsights_sitenote_note":"","_monsterinsights_sitenote_category":0,"_uf_show_specific_survey":0,"_uf_disable_surveys":false,"footnotes":""},"categories":[10],"tags":[],"class_list":["post-15619","post","type-post","status-publish","format-standard","has-post-thumbnail","hentry","category-provinciadecastello"],"_links":{"self":[{"href":"https:\/\/elcafedepipa.com\/index.php\/wp-json\/wp\/v2\/posts\/15619","targetHints":{"allow":["GET"]}}],"collection":[{"href":"https:\/\/elcafedepipa.com\/index.php\/wp-json\/wp\/v2\/posts"}],"about":[{"href":"https:\/\/elcafedepipa.com\/index.php\/wp-json\/wp\/v2\/types\/post"}],"author":[{"embeddable":true,"href":"https:\/\/elcafedepipa.com\/index.php\/wp-json\/wp\/v2\/users\/2"}],"replies":[{"embeddable":true,"href":"https:\/\/elcafedepipa.com\/index.php\/wp-json\/wp\/v2\/comments?post=15619"}],"version-history":[{"count":1,"href":"https:\/\/elcafedepipa.com\/index.php\/wp-json\/wp\/v2\/posts\/15619\/revisions"}],"predecessor-version":[{"id":15621,"href":"https:\/\/elcafedepipa.com\/index.php\/wp-json\/wp\/v2\/posts\/15619\/revisions\/15621"}],"wp:featuredmedia":[{"embeddable":true,"href":"https:\/\/elcafedepipa.com\/index.php\/wp-json\/wp\/v2\/media\/15620"}],"wp:attachment":[{"href":"https:\/\/elcafedepipa.com\/index.php\/wp-json\/wp\/v2\/media?parent=15619"}],"wp:term":[{"taxonomy":"category","embeddable":true,"href":"https:\/\/elcafedepipa.com\/index.php\/wp-json\/wp\/v2\/categories?post=15619"},{"taxonomy":"post_tag","embeddable":true,"href":"https:\/\/elcafedepipa.com\/index.php\/wp-json\/wp\/v2\/tags?post=15619"}],"curies":[{"name":"wp","href":"https:\/\/api.w.org\/{rel}","templated":true}]}}