{"id":15616,"date":"2025-07-14T14:02:34","date_gmt":"2025-07-14T12:02:34","guid":{"rendered":"https:\/\/elcafedepipa.com\/?p=15616"},"modified":"2025-07-14T14:02:34","modified_gmt":"2025-07-14T12:02:34","slug":"leuro-solidari-del-sopar-de-les-calderes-2025-dalmenara-es-destinara-a-payasospital","status":"publish","type":"post","link":"https:\/\/elcafedepipa.com\/index.php\/2025\/07\/14\/leuro-solidari-del-sopar-de-les-calderes-2025-dalmenara-es-destinara-a-payasospital\/","title":{"rendered":"L&#8217;euro solidari del sopar de les Calderes 2025 d&#8217;Almenara es destinar\u00e0 a &#8216;Payasospital&#8217;."},"content":{"rendered":"\n<p><strong>Se celebrar\u00e0 el dijous 2 d&#8217;octubre en el marc de les festes patronals de la localitat<\/strong><\/p>\n\n\n\n<p>L&#8217;euro solidari del sopar popular de les calderes d\u2019enguany anir\u00e0 destinat a Payasospital, una entitat que visita amb pallassos professionals als xiquets, xiquetes i adolescents hospitalitzats en la Comunitat Valenciana. El tradicional sopar ser\u00e0 el dijous 2 d&#8217;octubre.<\/p>\n\n\n\n<p>L&#8217;alcaldessa d&#8217;Almenara, Est\u00edbaliz P\u00e9rez, ha destacat la \u201cgran tasca social que porta a terme Payasospital en les \u00e0rees de xiquets i xiquetes dels hospitals de la Comunitat Valenciana portant l&#8217;alegria als qui estan malalts, una gran acci\u00f3 que realitzen des de fa 26 anys , i que mereix ser posada en valor i comptar amb el suport del poble d&#8217;Almenara, sumant somriures\u201d.<\/p>\n\n\n\n<p>A trav\u00e9s de la ter\u00e0pia de l&#8217;humor, Payasospital vol donar suport psicosocial als xiquets ingressats i als seus familiars amb la finalitat de millorar el benestar emocional d&#8217;aquests pacients i la seua qualitat de vida. Per a aix\u00f2 utilitzen diferents recursos art\u00edstics com la m\u00fasica, les marionetes o les bombolles de sab\u00f3. Aix\u00ed, els pallassos aconsegueixen amb les seues actuacions que els xiquets i els seus familiars es relaxen, alliberen tensions i afronten de millor manera l&#8217;hospitalitzaci\u00f3 i els seus tractaments.<\/p>\n\n\n\n<p>Payasospital realitza visites en parella de manera regular a les unitats d&#8217;oncologia infantil i als serveis pedi\u00e0trics de dotze hospitals p\u00fablics de refer\u00e8ncia en la Comunitat Valenciana. A m\u00e9s, tamb\u00e9 compta amb el programa PAU d&#8217;atenci\u00f3 domicili\u00e0ria.<\/p>\n\n\n\n<p>A m\u00e9s de les visites a tots els serveis pedi\u00e0trics, Payasospital tamb\u00e9 acompanya al quir\u00f2fan a aquells menors que seran intervinguts quir\u00fargicament. Igualment, tamb\u00e9 els pallassos visiten als xiquets hospitalitzats en les seues llars, juntament amb les unitats d&#8217;atenci\u00f3 a domicili dels hospitals. En tots aquests serveis, les actuacions s\u00f3n personalitzades, perqu\u00e8 s&#8217;adapten a les circumst\u00e0ncies i caracter\u00edstiques del menor.<\/p>\n\n\n\n<p>En els seus 26 anys d&#8217;hist\u00f2ria, Payasospital ha visitat a prop de 370.000 menors hospitalitzats en la Comunitat Valenciana. Durant 2024, es van dur a terme 21.367 atencions a menors hospitalitzats, a m\u00e9s de 24.291 interaccions amb familiars i 19.056 amb professionals sanitaris.<\/p>\n\n\n\n<p>Per a dur a terme tota aquesta labor, Payasospital compta amb un equip art\u00edstic estable de 33 pallassos professionals (remunerats, no voluntaris) que l&#8217;associaci\u00f3 ha format i preparat espec\u00edficament per a realitzar actuacions personalitzades a les habitacions, serveis i altres espais dels hospitals, aix\u00ed com en els domicilis.<\/p>\n\n\n\n<p>Cal recordar que en els \u00faltims anys, amb la reserva del sopar popular de les calderes, s&#8217;est\u00e0 aportant un donatiu d&#8217;un euro per raci\u00f3 amb finalitats solid\u00e0ries. En les edicions anteriors la recaptaci\u00f3 s&#8217;ha destinat a l&#8217;Associaci\u00f3 TDAH Morvedre, a l&#8217;Associaci\u00f3 de Fam\u00edlies de xiquets i xiquetes afectats per la s\u00edndrome Pallister-Killian, a la Federaci\u00f3 de Salut Mental de la Comunitat Valenciana, i a Aspanion, xiquets amb c\u00e0ncer.<\/p>\n","protected":false},"excerpt":{"rendered":"<p>Se celebrar\u00e0 el dijous 2 d&#8217;octubre en el marc de les festes patronals de la localitat L&#8217;euro solidari del sopar popular de les calderes d\u2019enguany anir\u00e0 destinat a Payasospital, una entitat que visita amb pallassos professionals als xiquets, xiquetes i adolescents hospitalitzats en la Comunitat Valenciana. El tradicional sopar ser\u00e0 el dijous 2 d&#8217;octubre. L&#8217;alcaldessa &#8230; <a title=\"L&#8217;euro solidari del sopar de les Calderes 2025 d&#8217;Almenara es destinar\u00e0 a &#8216;Payasospital&#8217;.\" class=\"read-more\" href=\"https:\/\/elcafedepipa.com\/index.php\/2025\/07\/14\/leuro-solidari-del-sopar-de-les-calderes-2025-dalmenara-es-destinara-a-payasospital\/\" aria-label=\"M\u00e9s informaci\u00f3 sobre L&#8217;euro solidari del sopar de les Calderes 2025 d&#8217;Almenara es destinar\u00e0 a &#8216;Payasospital&#8217;.\">Read more<\/a><\/p>\n","protected":false},"author":2,"featured_media":15617,"comment_status":"closed","ping_status":"closed","sticky":false,"template":"","format":"standard","meta":{"om_disable_all_campaigns":false,"_monsterinsights_skip_tracking":false,"_monsterinsights_sitenote_active":false,"_monsterinsights_sitenote_note":"","_monsterinsights_sitenote_category":0,"_uf_show_specific_survey":0,"_uf_disable_surveys":false,"footnotes":""},"categories":[5],"tags":[],"class_list":["post-15616","post","type-post","status-publish","format-standard","has-post-thumbnail","hentry","category-almenara"],"_links":{"self":[{"href":"https:\/\/elcafedepipa.com\/index.php\/wp-json\/wp\/v2\/posts\/15616","targetHints":{"allow":["GET"]}}],"collection":[{"href":"https:\/\/elcafedepipa.com\/index.php\/wp-json\/wp\/v2\/posts"}],"about":[{"href":"https:\/\/elcafedepipa.com\/index.php\/wp-json\/wp\/v2\/types\/post"}],"author":[{"embeddable":true,"href":"https:\/\/elcafedepipa.com\/index.php\/wp-json\/wp\/v2\/users\/2"}],"replies":[{"embeddable":true,"href":"https:\/\/elcafedepipa.com\/index.php\/wp-json\/wp\/v2\/comments?post=15616"}],"version-history":[{"count":1,"href":"https:\/\/elcafedepipa.com\/index.php\/wp-json\/wp\/v2\/posts\/15616\/revisions"}],"predecessor-version":[{"id":15618,"href":"https:\/\/elcafedepipa.com\/index.php\/wp-json\/wp\/v2\/posts\/15616\/revisions\/15618"}],"wp:featuredmedia":[{"embeddable":true,"href":"https:\/\/elcafedepipa.com\/index.php\/wp-json\/wp\/v2\/media\/15617"}],"wp:attachment":[{"href":"https:\/\/elcafedepipa.com\/index.php\/wp-json\/wp\/v2\/media?parent=15616"}],"wp:term":[{"taxonomy":"category","embeddable":true,"href":"https:\/\/elcafedepipa.com\/index.php\/wp-json\/wp\/v2\/categories?post=15616"},{"taxonomy":"post_tag","embeddable":true,"href":"https:\/\/elcafedepipa.com\/index.php\/wp-json\/wp\/v2\/tags?post=15616"}],"curies":[{"name":"wp","href":"https:\/\/api.w.org\/{rel}","templated":true}]}}