{"id":15605,"date":"2025-07-14T13:53:41","date_gmt":"2025-07-14T11:53:41","guid":{"rendered":"https:\/\/elcafedepipa.com\/?p=15605"},"modified":"2025-07-14T13:53:42","modified_gmt":"2025-07-14T11:53:42","slug":"la-targeta-verda-premia-mes-de-1-000-families-de-moncofa-pel-seu-compromis-amb-el-medi-ambient","status":"publish","type":"post","link":"https:\/\/elcafedepipa.com\/index.php\/2025\/07\/14\/la-targeta-verda-premia-mes-de-1-000-families-de-moncofa-pel-seu-compromis-amb-el-medi-ambient\/","title":{"rendered":"La Targeta Verda premia m\u00e9s de 1.000 fam\u00edlies de Moncofa pel seu comprom\u00eds amb el medi ambient\u00a0\u00a0"},"content":{"rendered":"\n<p><strong>Els usuaris dels ecoparcs va rebre descomptes en la taxa de tractament de fems del Consorci per valor de 24.300 euros en 2024<\/strong><\/p>\n\n\n\n<p>L&#8217;Ajuntament de Moncofa, en col\u00b7laboraci\u00f3 amb el Consorci de Residus Pal\u00e0ncia Belcaire, continua en 2025 amb la seua aposta decidida per la sostenibilitat i la correcta gesti\u00f3 de fems. En este marc, el govern local recorda que la Targeta Verda del Consorci C3V1 continua plenament vigent enguany i que el seu \u00fas comporta importants beneficis per als moncofins i moncofines, com un premi pel comprom\u00eds ciutad\u00e0 amb el medi ambient. Ho avalen les dades de 2024: un total de 1.088 fam\u00edlies i comer\u00e7os del municipi van rebre descomptes en la taxa de tractament de fems que gestiona el Consorci per valor de 24.319 euros.<\/p>\n\n\n\n<p>L&#8217;alcalde de Moncofa, Wences Al\u00f3s Valls, ha subratllat la import\u00e0ncia de continuar fomentant entre la poblaci\u00f3 h\u00e0bits responsables de reciclatge. \u201cLes dades demostren que tenim una poblaci\u00f3 conscienciada i implicada en la protecci\u00f3 de l&#8217;entorn. Per aix\u00f2, volem agrair als nostres ve\u00efns i ve\u00efnes el seu comprom\u00eds i animar-los a continuar utilitzant l&#8217;ecoparc. Quan ho fem, no sols estem contribuint a la sostenibilitat del planeta; tamb\u00e9 aconseguim un important estalvi per a les fam\u00edlies a trav\u00e9s de la Targeta Verda\u201d, destaca.<\/p>\n\n\n\n<p>Per part seua, el regidor de Medi Ambient, Francisco Alemany, ha recordat que el municipi compta amb servei d&#8217;ecoparc per a facilitar el reciclatge a tota la ciutadania en dos punts i horaris diferenciats. \u201cPosem a la disposici\u00f3 dels ve\u00efns l&#8217;ecoparc en punts estrat\u00e8gics per a afavorir el seu \u00fas, tant al poble com en el Grau\u201d, detalla. En concret, l&#8217;ecoparc de Moncofa s&#8217;instal\u00b7la al carrer Tales, al costat del parc S\u00e9nia, els dilluns de 9.00 a 14.00 hores i de 15.00 a 17.00 hores, aix\u00ed com el primer diumenge de mes (excepte juny, juliol i agost). En el Grau, l&#8217;ecoparc s&#8217;instal\u00b7la al carrer la Rioja els dimarts en el mateix horari, a m\u00e9s dels primers diumenges de mes durant l&#8217;estiu.<\/p>\n\n\n\n<p>La Targeta Verda permet als usuaris que depositen adequadament els residus especials en estos punts aconseguir fins a 40 euros de descompte en la taxa anual de tractament de residus. Esta mesura, gestionada pel Consorci Pal\u00e0ncia Belcaire, t\u00e9 com a objectiu premiar la correcta separaci\u00f3 i lliurament de residus com electrodom\u00e8stics, piles, olis o mobles, entre altres, evitant els abocaments incontrolats i fomentant el reciclatge.<\/p>\n\n\n\n<p>L&#8217;Ajuntament de Moncofa anima a aquelles persones que encara no disposen de la Targeta Verda a sol\u00b7licitar-la a trav\u00e9s del correu <a href=\"mailto:comunicacion@consorciopalanciabelcaire.com\">comunicacion@consorciopalanciabelcaire.com<\/a>. \u201cSi reciclem m\u00e9s i millor, paguem menys. Esta \u00e9s la filosofia que volem transmetre, perqu\u00e8 cuidar del planeta \u00e9s una responsabilitat de tots i totes, i a Moncofa estem demostrant que \u00e9s possible\u201d, conclou l&#8217;alcalde.<\/p>\n\n\n\n<p><\/p>\n","protected":false},"excerpt":{"rendered":"<p>Els usuaris dels ecoparcs va rebre descomptes en la taxa de tractament de fems del Consorci per valor de 24.300 euros en 2024 L&#8217;Ajuntament de Moncofa, en col\u00b7laboraci\u00f3 amb el Consorci de Residus Pal\u00e0ncia Belcaire, continua en 2025 amb la seua aposta decidida per la sostenibilitat i la correcta gesti\u00f3 de fems. En este marc, &#8230; <a title=\"La Targeta Verda premia m\u00e9s de 1.000 fam\u00edlies de Moncofa pel seu comprom\u00eds amb el medi ambient\u00a0\u00a0\" class=\"read-more\" href=\"https:\/\/elcafedepipa.com\/index.php\/2025\/07\/14\/la-targeta-verda-premia-mes-de-1-000-families-de-moncofa-pel-seu-compromis-amb-el-medi-ambient\/\" aria-label=\"M\u00e9s informaci\u00f3 sobre La Targeta Verda premia m\u00e9s de 1.000 fam\u00edlies de Moncofa pel seu comprom\u00eds amb el medi ambient\u00a0\u00a0\">Read more<\/a><\/p>\n","protected":false},"author":2,"featured_media":15606,"comment_status":"closed","ping_status":"closed","sticky":false,"template":"","format":"standard","meta":{"om_disable_all_campaigns":false,"_monsterinsights_skip_tracking":false,"_monsterinsights_sitenote_active":false,"_monsterinsights_sitenote_note":"","_monsterinsights_sitenote_category":0,"_uf_show_specific_survey":0,"_uf_disable_surveys":false,"footnotes":""},"categories":[4],"tags":[],"class_list":["post-15605","post","type-post","status-publish","format-standard","has-post-thumbnail","hentry","category-moncofa"],"_links":{"self":[{"href":"https:\/\/elcafedepipa.com\/index.php\/wp-json\/wp\/v2\/posts\/15605","targetHints":{"allow":["GET"]}}],"collection":[{"href":"https:\/\/elcafedepipa.com\/index.php\/wp-json\/wp\/v2\/posts"}],"about":[{"href":"https:\/\/elcafedepipa.com\/index.php\/wp-json\/wp\/v2\/types\/post"}],"author":[{"embeddable":true,"href":"https:\/\/elcafedepipa.com\/index.php\/wp-json\/wp\/v2\/users\/2"}],"replies":[{"embeddable":true,"href":"https:\/\/elcafedepipa.com\/index.php\/wp-json\/wp\/v2\/comments?post=15605"}],"version-history":[{"count":1,"href":"https:\/\/elcafedepipa.com\/index.php\/wp-json\/wp\/v2\/posts\/15605\/revisions"}],"predecessor-version":[{"id":15607,"href":"https:\/\/elcafedepipa.com\/index.php\/wp-json\/wp\/v2\/posts\/15605\/revisions\/15607"}],"wp:featuredmedia":[{"embeddable":true,"href":"https:\/\/elcafedepipa.com\/index.php\/wp-json\/wp\/v2\/media\/15606"}],"wp:attachment":[{"href":"https:\/\/elcafedepipa.com\/index.php\/wp-json\/wp\/v2\/media?parent=15605"}],"wp:term":[{"taxonomy":"category","embeddable":true,"href":"https:\/\/elcafedepipa.com\/index.php\/wp-json\/wp\/v2\/categories?post=15605"},{"taxonomy":"post_tag","embeddable":true,"href":"https:\/\/elcafedepipa.com\/index.php\/wp-json\/wp\/v2\/tags?post=15605"}],"curies":[{"name":"wp","href":"https:\/\/api.w.org\/{rel}","templated":true}]}}