{"id":15591,"date":"2025-07-14T13:46:15","date_gmt":"2025-07-14T11:46:15","guid":{"rendered":"https:\/\/elcafedepipa.com\/?p=15591"},"modified":"2025-07-14T13:46:16","modified_gmt":"2025-07-14T11:46:16","slug":"la-unio-informa-que-la-pedra-del-passat-dissabte-va-afectar-unes-8-000-hectarees-de-cultiu-i-causa-perdues-superiors-als-29-milions-deuros","status":"publish","type":"post","link":"https:\/\/elcafedepipa.com\/index.php\/2025\/07\/14\/la-unio-informa-que-la-pedra-del-passat-dissabte-va-afectar-unes-8-000-hectarees-de-cultiu-i-causa-perdues-superiors-als-29-milions-deuros\/","title":{"rendered":"LA UNI\u00d3 informa que la pedra del passat dissabte va afectar unes 8.000 hect\u00e0rees de cultiu i causa p\u00e8rdues superiors als 29 milions d&#8217;euros"},"content":{"rendered":"\n<p><strong>L&#8217;organitzaci\u00f3 sol\u00b7licitar\u00e0 diverses mesures relacionades amb les assegurances agr\u00e0ries, aix\u00ed com la declaraci\u00f3 de zona greument afectada o una s\u00e8rie d&#8217;ajudes i mesures fiscals i de Seguretat Social<\/strong><\/p>\n\n\n\n<p>La Uni\u00f3 Llauradora informa que la dana en forma de fortes tempestes acompanyades de gran\u00edssol i vent del passat cap de setmana van afectar unes 8.000 hect\u00e0rees de cultiu a les prov\u00edncies de Castell\u00f3 i Val\u00e8ncia, amb danys molt importants sobretot a la Plana Baixa, i unes p\u00e8rdues inicials estimades ja en m\u00e9s de 29 milions d&#8217;euros que podrien ser superiors en funci\u00f3 de l&#8217;evoluci\u00f3 dels cultius.<\/p>\n\n\n\n<p>La comarca m\u00e9s afectada pels efectes de la dana en el camp va ser sens dubte la de la Plana Baixa, encara que tamb\u00e9 s&#8217;observen danys en l&#8217;Alt Pal\u00e0ncia i Alt Millars pel que fa a Castell\u00f3 i ja en la de Valencia al Camp de Morvedre.<\/p>\n\n\n\n<p>La producci\u00f3 agr\u00edcola m\u00e9s afectada s\u00f3n els c\u00edtrics amb prop de 5.000 hect\u00e0rees, cultiu predominant a la comarca de la Plana Baixa, i unes p\u00e8rdues de m\u00e9s de 22 milions d&#8217;euros, encara que tamb\u00e9 s&#8217;observen danys en altres cultius com a hortalisses, melons, melons d&#8217;Alger, alvocat, olivar i ametler. Cal assenyalar que, donada la virul\u00e8ncia de la pedra, s&#8217;espera segons LA UNI\u00d3 la collita m\u00e9s baixa de la hist\u00f2ria de la Clemenules per a la pr\u00f2xima campanya a la prov\u00edncia de Castell\u00f3. A l&#8217;impacte de la pedra en la fruita cal sumar la gran defoliaci\u00f3 dels arbres, la qual cosa provocar\u00e0 sens dubte un minvament rellevant en la pr\u00f2xima producci\u00f3.<\/p>\n\n\n\n<p>LA UNI\u00d3 demanar\u00e0 entre coses a la Conselleria d&#8217;Agricultura i al Ministeri d&#8217;Agricultura que traslladen al Govern la necessitat de declarar zona afectada greument per una emerg\u00e8ncia de protecci\u00f3 civil les localitats m\u00e9s afectades de la Plana Baixa.<\/p>\n\n\n\n<p>L&#8217;organitzaci\u00f3 agr\u00e0ria assenyala que aquesta adversitat climatol\u00f2gica est\u00e0 coberta per l&#8217;actual sistema d&#8217;assegurances agr\u00e0ries i sol\u00b7licitar\u00e0 a Agroseguro que agilitze les peritacions de les parcel\u00b7les afectades el m\u00e0xim possible perqu\u00e8 els llauradors cobren les indemnitzacions. No obstant aix\u00f2, l&#8217;organitzaci\u00f3 demanar\u00e0 tamb\u00e9 ajudes destinades a les persones titulars de les explotacions agr\u00edcoles i ramaderes que hagen patit p\u00e8rdues superiors al 30% de la seua producci\u00f3 amb p\u00f2lissa en vigor i per als cultius afectats on no t\u00e9 implantaci\u00f3 l&#8217;asseguran\u00e7a agr\u00e0ria pel fet que les seues cobertures no s&#8217;adapten adequadament a les necessitats espec\u00edfiques del sector agropecuari, com \u00e9s el cas d&#8217;hortalisses, olivar i ametler.<\/p>\n\n\n\n<p>D&#8217;altra banda, proposar\u00e0 al Ministeri d&#8217;Agricultura que no s&#8217;apliquen les franqu\u00edcies en les assegurances agr\u00e0ries pels danys extraordinaris causats per temporals i altres situacions catastr\u00f2fiques en zones afectades greument per una emerg\u00e8ncia de protecci\u00f3 civil<\/p>\n\n\n\n<p>L&#8217;organitzaci\u00f3 tamb\u00e9 sol\u00b7licitar\u00e0 per a les persones afectades la concessi\u00f3 d&#8217;ajudes directes i per a aix\u00f2 proposa que la Generalitat, a trav\u00e9s de la Conselleria d&#8217;Agricultura, aprove bases reguladores que permeten establir de manera immediata ajudes amb fons propis destinades als titulars d&#8217;explotacions agr\u00edcoles i ramaderes que s&#8217;hagen vist afectats.<\/p>\n\n\n\n<p>Tamb\u00e9 demanar\u00e0 la condonaci\u00f3 de l&#8217;IBI de les parcel\u00b7les cultivades i construccions presents en elles compensant als ajuntaments per la p\u00e8rdua d&#8217;ingressos a trav\u00e9s dels Pressupostos Generals de l&#8217;Estat, la bonificaci\u00f3 al 50% de les quotes de la Seguretat Social i l&#8217;ajornament de l&#8217;altre 50% per 12 mesos per a aut\u00f2noms agraris del Sistema Especial afectats per sinistres amb danys superiors al 30%, aix\u00ed com reduir l&#8217;\u00edndex de rendiment net en l&#8217;IRPF per a produccions amb danys superiors al 30%, i incrementar al 20% les despeses de dif\u00edcil justificaci\u00f3 per a llauradors en els r\u00e8gims d&#8217;estimaci\u00f3 objectiva i directa.<\/p>\n\n\n\n<p>Altres de les mesures que reclamar\u00e0 LA UNI\u00d3 s\u00f3n l&#8217;establiment de l\u00ednies de cr\u00e8dit preferencials a cinc anys, amb un any de manca i bonificaci\u00f3 total dels interessos, per a explotacions agr\u00e0ries afectades per sinistres amb danys superiors al 30%; i el repartiment gratu\u00eft i urgent de productes fungicides i cicatritzants per a evitar l&#8217;aparici\u00f3 de fongs en els camps afectats.<\/p>\n\n\n\n<figure class=\"wp-block-image size-large\"><img fetchpriority=\"high\" decoding=\"async\" width=\"1024\" height=\"771\" src=\"https:\/\/elcafedepipa.com\/wp-content\/uploads\/2025\/07\/Pedra-4-1024x771.jpg\" alt=\"\" class=\"wp-image-15593\" srcset=\"https:\/\/elcafedepipa.com\/wp-content\/uploads\/2025\/07\/Pedra-4-1024x771.jpg 1024w, https:\/\/elcafedepipa.com\/wp-content\/uploads\/2025\/07\/Pedra-4-300x226.jpg 300w, https:\/\/elcafedepipa.com\/wp-content\/uploads\/2025\/07\/Pedra-4-768x578.jpg 768w, https:\/\/elcafedepipa.com\/wp-content\/uploads\/2025\/07\/Pedra-4-1536x1156.jpg 1536w, https:\/\/elcafedepipa.com\/wp-content\/uploads\/2025\/07\/Pedra-4.jpg 1600w\" sizes=\"(max-width: 1024px) 100vw, 1024px\" \/><\/figure>\n\n\n\n<figure class=\"wp-block-image size-large\"><img decoding=\"async\" width=\"576\" height=\"1024\" src=\"https:\/\/elcafedepipa.com\/wp-content\/uploads\/2025\/07\/Pedra-5-576x1024.jpg\" alt=\"\" class=\"wp-image-15594\" srcset=\"https:\/\/elcafedepipa.com\/wp-content\/uploads\/2025\/07\/Pedra-5-576x1024.jpg 576w, https:\/\/elcafedepipa.com\/wp-content\/uploads\/2025\/07\/Pedra-5-169x300.jpg 169w, https:\/\/elcafedepipa.com\/wp-content\/uploads\/2025\/07\/Pedra-5-768x1366.jpg 768w, https:\/\/elcafedepipa.com\/wp-content\/uploads\/2025\/07\/Pedra-5-864x1536.jpg 864w, https:\/\/elcafedepipa.com\/wp-content\/uploads\/2025\/07\/Pedra-5.jpg 899w\" sizes=\"(max-width: 576px) 100vw, 576px\" \/><\/figure>\n\n\n\n<figure class=\"wp-block-image size-large\"><img decoding=\"async\" width=\"1024\" height=\"771\" src=\"https:\/\/elcafedepipa.com\/wp-content\/uploads\/2025\/07\/Pedra-3-1024x771.jpg\" alt=\"\" class=\"wp-image-15595\" srcset=\"https:\/\/elcafedepipa.com\/wp-content\/uploads\/2025\/07\/Pedra-3-1024x771.jpg 1024w, https:\/\/elcafedepipa.com\/wp-content\/uploads\/2025\/07\/Pedra-3-300x226.jpg 300w, https:\/\/elcafedepipa.com\/wp-content\/uploads\/2025\/07\/Pedra-3-768x578.jpg 768w, https:\/\/elcafedepipa.com\/wp-content\/uploads\/2025\/07\/Pedra-3-1536x1156.jpg 1536w, https:\/\/elcafedepipa.com\/wp-content\/uploads\/2025\/07\/Pedra-3.jpg 1600w\" sizes=\"(max-width: 1024px) 100vw, 1024px\" \/><\/figure>\n","protected":false},"excerpt":{"rendered":"<p>L&#8217;organitzaci\u00f3 sol\u00b7licitar\u00e0 diverses mesures relacionades amb les assegurances agr\u00e0ries, aix\u00ed com la declaraci\u00f3 de zona greument afectada o una s\u00e8rie d&#8217;ajudes i mesures fiscals i de Seguretat Social La Uni\u00f3 Llauradora informa que la dana en forma de fortes tempestes acompanyades de gran\u00edssol i vent del passat cap de setmana van afectar unes 8.000 hect\u00e0rees &#8230; <a title=\"LA UNI\u00d3 informa que la pedra del passat dissabte va afectar unes 8.000 hect\u00e0rees de cultiu i causa p\u00e8rdues superiors als 29 milions d&#8217;euros\" class=\"read-more\" href=\"https:\/\/elcafedepipa.com\/index.php\/2025\/07\/14\/la-unio-informa-que-la-pedra-del-passat-dissabte-va-afectar-unes-8-000-hectarees-de-cultiu-i-causa-perdues-superiors-als-29-milions-deuros\/\" aria-label=\"M\u00e9s informaci\u00f3 sobre LA UNI\u00d3 informa que la pedra del passat dissabte va afectar unes 8.000 hect\u00e0rees de cultiu i causa p\u00e8rdues superiors als 29 milions d&#8217;euros\">Read more<\/a><\/p>\n","protected":false},"author":2,"featured_media":15592,"comment_status":"closed","ping_status":"closed","sticky":false,"template":"","format":"standard","meta":{"om_disable_all_campaigns":false,"_monsterinsights_skip_tracking":false,"_monsterinsights_sitenote_active":false,"_monsterinsights_sitenote_note":"","_monsterinsights_sitenote_category":0,"_uf_show_specific_survey":0,"_uf_disable_surveys":false,"footnotes":""},"categories":[1],"tags":[],"class_list":["post-15591","post","type-post","status-publish","format-standard","has-post-thumbnail","hentry","category-non-classe"],"_links":{"self":[{"href":"https:\/\/elcafedepipa.com\/index.php\/wp-json\/wp\/v2\/posts\/15591","targetHints":{"allow":["GET"]}}],"collection":[{"href":"https:\/\/elcafedepipa.com\/index.php\/wp-json\/wp\/v2\/posts"}],"about":[{"href":"https:\/\/elcafedepipa.com\/index.php\/wp-json\/wp\/v2\/types\/post"}],"author":[{"embeddable":true,"href":"https:\/\/elcafedepipa.com\/index.php\/wp-json\/wp\/v2\/users\/2"}],"replies":[{"embeddable":true,"href":"https:\/\/elcafedepipa.com\/index.php\/wp-json\/wp\/v2\/comments?post=15591"}],"version-history":[{"count":1,"href":"https:\/\/elcafedepipa.com\/index.php\/wp-json\/wp\/v2\/posts\/15591\/revisions"}],"predecessor-version":[{"id":15596,"href":"https:\/\/elcafedepipa.com\/index.php\/wp-json\/wp\/v2\/posts\/15591\/revisions\/15596"}],"wp:featuredmedia":[{"embeddable":true,"href":"https:\/\/elcafedepipa.com\/index.php\/wp-json\/wp\/v2\/media\/15592"}],"wp:attachment":[{"href":"https:\/\/elcafedepipa.com\/index.php\/wp-json\/wp\/v2\/media?parent=15591"}],"wp:term":[{"taxonomy":"category","embeddable":true,"href":"https:\/\/elcafedepipa.com\/index.php\/wp-json\/wp\/v2\/categories?post=15591"},{"taxonomy":"post_tag","embeddable":true,"href":"https:\/\/elcafedepipa.com\/index.php\/wp-json\/wp\/v2\/tags?post=15591"}],"curies":[{"name":"wp","href":"https:\/\/api.w.org\/{rel}","templated":true}]}}