{"id":1559,"date":"2024-05-31T13:50:47","date_gmt":"2024-05-31T11:50:47","guid":{"rendered":"https:\/\/elcafedepipa.com\/?p=1559"},"modified":"2024-05-31T13:50:40","modified_gmt":"2024-05-31T11:50:40","slug":"les-inscripcions-per-a-lescoleta-destiu-dalmenara-comencaran-el-dimecres-12-de-juny","status":"publish","type":"post","link":"https:\/\/elcafedepipa.com\/index.php\/2024\/05\/31\/les-inscripcions-per-a-lescoleta-destiu-dalmenara-comencaran-el-dimecres-12-de-juny\/","title":{"rendered":"Les inscripcions per a l\u2019escoleta d\u2019estiu d\u2019Almenara comen\u00e7aran el dimecres 12 de juny"},"content":{"rendered":"<h4><b>La programaci\u00f3 se celebrar\u00e0 de l&#8217;1 al 26 de juliol en les instal\u00b7lacions del col\u00b7legi de la localitat<\/b><\/h4>\n<p>L\u2019Escoleta d\u2019Estiu d\u2019Almenara que se celebrar\u00e0 entre l&#8217;1 i el 26 de juliol en les instal\u00b7lacions del CEIP Juan Carlos I de la localitat. El termini d&#8217;inscripci\u00f3 estar\u00e0 obert a partir del dimecres 12 de juny. En ella es duran a terme activitats l\u00fadiques i educatives,. L\u2019Escoleta d\u2019Estiu \u00e9s una iniciativa de l&#8217;Ajuntament d&#8217;Almenara per a facilitar la conciliaci\u00f3 de la vida laboral i familiar durant el mes de juliol.<\/p>\n<p style=\"font-weight: 400;\">Les inscripcions es realitzaran en el Casal Jove d&#8217;Almenara. El termini per a les persones empadronades comen\u00e7ar\u00e0 el dimecres 12 de juny i es prolongar\u00e0 fins al dilluns 17 de juny, sempre que no s&#8217;hagen esgotat les places disponibles. Des del 18 fins al 21 de juny es realitzaran les inscripcions generals fins a completar les places.<\/p>\n<p style=\"font-weight: 400;\">Quant als horaris, cal assenyalar que la matr\u00edcula es podr\u00e0 realitzar en el Casal Jove de dilluns a divendres de 9.30 a 14 hores. A m\u00e9s, s&#8217;habilitaran les vesprades dels dimecres 12 i 19 de juny de 17 a 19 hores. Cal informar que \u00fanicament es podran realitzar com a m\u00e0xim dues inscripcions per persona. L\u2019Escoleta d\u2019Estiu anir\u00e0 dirigida als xiquets i xiquetes nascuts entre els anys 2012 i 2020 i tindr\u00e0 un preu de 30 euros per a les persones empadronades i de 40 per a les quals no ho estiguen.<\/p>\n","protected":false},"excerpt":{"rendered":"<p>La programaci\u00f3 se celebrar\u00e0 de l&#8217;1 al 26 de juliol en les instal\u00b7lacions del col\u00b7legi de la localitat L\u2019Escoleta d\u2019Estiu d\u2019Almenara que se celebrar\u00e0 entre l&#8217;1 i el 26 de juliol en les instal\u00b7lacions del CEIP Juan Carlos I de la localitat. El termini d&#8217;inscripci\u00f3 estar\u00e0 obert a partir del dimecres 12 de juny. En &#8230; <a title=\"Les inscripcions per a l\u2019escoleta d\u2019estiu d\u2019Almenara comen\u00e7aran el dimecres 12 de juny\" class=\"read-more\" href=\"https:\/\/elcafedepipa.com\/index.php\/2024\/05\/31\/les-inscripcions-per-a-lescoleta-destiu-dalmenara-comencaran-el-dimecres-12-de-juny\/\" aria-label=\"M\u00e9s informaci\u00f3 sobre Les inscripcions per a l\u2019escoleta d\u2019estiu d\u2019Almenara comen\u00e7aran el dimecres 12 de juny\">Read more<\/a><\/p>\n","protected":false},"author":2,"featured_media":0,"comment_status":"open","ping_status":"open","sticky":false,"template":"","format":"standard","meta":{"om_disable_all_campaigns":false,"_monsterinsights_skip_tracking":false,"_monsterinsights_sitenote_active":false,"_monsterinsights_sitenote_note":"","_monsterinsights_sitenote_category":0,"_uf_show_specific_survey":0,"_uf_disable_surveys":false,"footnotes":""},"categories":[5],"tags":[],"class_list":["post-1559","post","type-post","status-publish","format-standard","hentry","category-almenara"],"_links":{"self":[{"href":"https:\/\/elcafedepipa.com\/index.php\/wp-json\/wp\/v2\/posts\/1559","targetHints":{"allow":["GET"]}}],"collection":[{"href":"https:\/\/elcafedepipa.com\/index.php\/wp-json\/wp\/v2\/posts"}],"about":[{"href":"https:\/\/elcafedepipa.com\/index.php\/wp-json\/wp\/v2\/types\/post"}],"author":[{"embeddable":true,"href":"https:\/\/elcafedepipa.com\/index.php\/wp-json\/wp\/v2\/users\/2"}],"replies":[{"embeddable":true,"href":"https:\/\/elcafedepipa.com\/index.php\/wp-json\/wp\/v2\/comments?post=1559"}],"version-history":[{"count":0,"href":"https:\/\/elcafedepipa.com\/index.php\/wp-json\/wp\/v2\/posts\/1559\/revisions"}],"wp:attachment":[{"href":"https:\/\/elcafedepipa.com\/index.php\/wp-json\/wp\/v2\/media?parent=1559"}],"wp:term":[{"taxonomy":"category","embeddable":true,"href":"https:\/\/elcafedepipa.com\/index.php\/wp-json\/wp\/v2\/categories?post=1559"},{"taxonomy":"post_tag","embeddable":true,"href":"https:\/\/elcafedepipa.com\/index.php\/wp-json\/wp\/v2\/tags?post=1559"}],"curies":[{"name":"wp","href":"https:\/\/api.w.org\/{rel}","templated":true}]}}