{"id":15588,"date":"2025-07-14T13:44:08","date_gmt":"2025-07-14T11:44:08","guid":{"rendered":"https:\/\/elcafedepipa.com\/?p=15588"},"modified":"2025-07-14T13:44:08","modified_gmt":"2025-07-14T11:44:08","slug":"la-rapida-intervencio-de-la-policia-local-permet-detindre-el-presumpte-autor-de-furts-en-un-hort-de-moncofa","status":"publish","type":"post","link":"https:\/\/elcafedepipa.com\/index.php\/2025\/07\/14\/la-rapida-intervencio-de-la-policia-local-permet-detindre-el-presumpte-autor-de-furts-en-un-hort-de-moncofa\/","title":{"rendered":"La r\u00e0pida intervenci\u00f3 de la Policia Local permet detindre el presumpte autor de furts en un hort de Moncofa\u00a0"},"content":{"rendered":"\n<p>La Policia Local de Moncofa ha detingut esta setmana un individu presumptament implicat en el furt d&#8217;hortalisses en un hort del terme municipal. La intervenci\u00f3 es va produir despr\u00e9s de rebre l&#8217;av\u00eds del propietari, que va alertar de la pres\u00e8ncia d&#8217;una persona sostraient productes del seu cultiu.<\/p>\n\n\n\n<p>Despr\u00e9s de l&#8217;av\u00eds, una patrulla de la Policia Local es va despla\u00e7ar immediatament a la zona per a inspeccionar el terreny, encara que no va trobar a ning\u00fa a l&#8217;interior de l&#8217;hort. Poc despr\u00e9s, els agents van localitzar un home en els voltants del nucli urb\u00e0 que portava una motxilla amb cebes, pimentons, cogombres i carabassetes. Encara que va manifestar que eren per a un amic, els agents van sospitar, per la qual cosa van procedir a interceptar la motxilla per a realitzar les comprovacions oportunes.<\/p>\n\n\n\n<p>El material recuperat coincidia amb els productes sostrets, segons va confirmar el propietari, que tamb\u00e9 va aportar imatges del mateix individu agafant hortalisses en dies anteriors. El cas va ser traslladat al Grup Roca de la Gu\u00e0rdia Civil de Borriana per a prosseguir amb les dilig\u00e8ncies per un delicte continuat.<\/p>\n\n\n\n<p>El regidor de Seguretat Ciutadana, Jos\u00e9 Mar\u00eda Andr\u00e9s, ha valorat positivament l&#8217;actuaci\u00f3. \u201cLa r\u00e0pida resposta de la nostra Policia Local demostra la import\u00e0ncia d&#8217;un cos pr\u00f2xim i atent a les necessitats dels nostres ve\u00efns i ve\u00efnes\u201d, ha assenyalat el responsable de l&#8217;\u00e0rea, que ha destacat la import\u00e0ncia de la col\u00b7laboraci\u00f3 ve\u00efnal i ha agra\u00eft la dilig\u00e8ncia dels agents del cos municipal.<\/p>\n","protected":false},"excerpt":{"rendered":"<p>La Policia Local de Moncofa ha detingut esta setmana un individu presumptament implicat en el furt d&#8217;hortalisses en un hort del terme municipal. La intervenci\u00f3 es va produir despr\u00e9s de rebre l&#8217;av\u00eds del propietari, que va alertar de la pres\u00e8ncia d&#8217;una persona sostraient productes del seu cultiu. Despr\u00e9s de l&#8217;av\u00eds, una patrulla de la Policia &#8230; <a title=\"La r\u00e0pida intervenci\u00f3 de la Policia Local permet detindre el presumpte autor de furts en un hort de Moncofa\u00a0\" class=\"read-more\" href=\"https:\/\/elcafedepipa.com\/index.php\/2025\/07\/14\/la-rapida-intervencio-de-la-policia-local-permet-detindre-el-presumpte-autor-de-furts-en-un-hort-de-moncofa\/\" aria-label=\"M\u00e9s informaci\u00f3 sobre La r\u00e0pida intervenci\u00f3 de la Policia Local permet detindre el presumpte autor de furts en un hort de Moncofa\u00a0\">Read more<\/a><\/p>\n","protected":false},"author":2,"featured_media":15589,"comment_status":"closed","ping_status":"closed","sticky":false,"template":"","format":"standard","meta":{"om_disable_all_campaigns":false,"_monsterinsights_skip_tracking":false,"_monsterinsights_sitenote_active":false,"_monsterinsights_sitenote_note":"","_monsterinsights_sitenote_category":0,"_uf_show_specific_survey":0,"_uf_disable_surveys":false,"footnotes":""},"categories":[4],"tags":[],"class_list":["post-15588","post","type-post","status-publish","format-standard","has-post-thumbnail","hentry","category-moncofa"],"_links":{"self":[{"href":"https:\/\/elcafedepipa.com\/index.php\/wp-json\/wp\/v2\/posts\/15588","targetHints":{"allow":["GET"]}}],"collection":[{"href":"https:\/\/elcafedepipa.com\/index.php\/wp-json\/wp\/v2\/posts"}],"about":[{"href":"https:\/\/elcafedepipa.com\/index.php\/wp-json\/wp\/v2\/types\/post"}],"author":[{"embeddable":true,"href":"https:\/\/elcafedepipa.com\/index.php\/wp-json\/wp\/v2\/users\/2"}],"replies":[{"embeddable":true,"href":"https:\/\/elcafedepipa.com\/index.php\/wp-json\/wp\/v2\/comments?post=15588"}],"version-history":[{"count":1,"href":"https:\/\/elcafedepipa.com\/index.php\/wp-json\/wp\/v2\/posts\/15588\/revisions"}],"predecessor-version":[{"id":15590,"href":"https:\/\/elcafedepipa.com\/index.php\/wp-json\/wp\/v2\/posts\/15588\/revisions\/15590"}],"wp:featuredmedia":[{"embeddable":true,"href":"https:\/\/elcafedepipa.com\/index.php\/wp-json\/wp\/v2\/media\/15589"}],"wp:attachment":[{"href":"https:\/\/elcafedepipa.com\/index.php\/wp-json\/wp\/v2\/media?parent=15588"}],"wp:term":[{"taxonomy":"category","embeddable":true,"href":"https:\/\/elcafedepipa.com\/index.php\/wp-json\/wp\/v2\/categories?post=15588"},{"taxonomy":"post_tag","embeddable":true,"href":"https:\/\/elcafedepipa.com\/index.php\/wp-json\/wp\/v2\/tags?post=15588"}],"curies":[{"name":"wp","href":"https:\/\/api.w.org\/{rel}","templated":true}]}}