{"id":15585,"date":"2025-07-14T13:42:11","date_gmt":"2025-07-14T11:42:11","guid":{"rendered":"https:\/\/elcafedepipa.com\/?p=15585"},"modified":"2025-07-14T13:42:12","modified_gmt":"2025-07-14T11:42:12","slug":"lajuntament-de-la-vall-duixo-posa-en-marxa-dues-cameres-mobils-contra-els-abocaments-illegals","status":"publish","type":"post","link":"https:\/\/elcafedepipa.com\/index.php\/2025\/07\/14\/lajuntament-de-la-vall-duixo-posa-en-marxa-dues-cameres-mobils-contra-els-abocaments-illegals\/","title":{"rendered":"L&#8217;Ajuntament de la Vall d&#8217;Uix\u00f3 posa en marxa dues c\u00e0meres m\u00f2bils contra els abocaments il\u00b7legals"},"content":{"rendered":"\n<p><strong>La seua ubicaci\u00f3 anir\u00e0 canviant per identificar les persones autores, que poden ser sancionades amb fins a 3.500 euros<\/strong><\/p>\n\n\n\n<p>L&#8217;Ajuntament de la Vall d&#8217;Uix\u00f3 ha adquirit dues c\u00e0meres m\u00f2bils per vigilar els abocaments il\u00b7legals a la via p\u00fablica, que permetran identificar les persones autores.<\/p>\n\n\n\n<p>Aquestes c\u00e0meres s&#8217;ubicaran principalment en els punts on s&#8217;ha detectat que es produeixen abocaments regularment, en alguns pr\u00e0cticament di\u00e0riament.<\/p>\n\n\n\n<p>Les sancions per dipositar residus incontrolats a la via p\u00fablica poden arribar fins a 3.500 euros. I \u00e9s que aquestes accions generen nombrosos problemes: impedeixen la mobilitat per les voreres, especialment de les persones en cadira de rodes o amb carros de beb\u00e8;<\/p>\n\n\n\n<p>Seguer ha recordat que hi ha dos sistemes gratu\u00efts per desfer-se dels residus voluminosos (coneguts com a trastos). dissabte tot el dia o diumenge al mat\u00ed.<\/p>\n\n\n\n<p>Per acabar, l&#8217;edil ha assenyalat que a m\u00e9s de prendre mesures com la instal\u00b7laci\u00f3 de c\u00e0meres de vigil\u00e0ncia tamb\u00e9 \u00e9s \u201cimportant la conscienciaci\u00f3 ciutadana\u201d.<\/p>\n","protected":false},"excerpt":{"rendered":"<p>La seua ubicaci\u00f3 anir\u00e0 canviant per identificar les persones autores, que poden ser sancionades amb fins a 3.500 euros L&#8217;Ajuntament de la Vall d&#8217;Uix\u00f3 ha adquirit dues c\u00e0meres m\u00f2bils per vigilar els abocaments il\u00b7legals a la via p\u00fablica, que permetran identificar les persones autores. Aquestes c\u00e0meres s&#8217;ubicaran principalment en els punts on s&#8217;ha detectat que &#8230; <a title=\"L&#8217;Ajuntament de la Vall d&#8217;Uix\u00f3 posa en marxa dues c\u00e0meres m\u00f2bils contra els abocaments il\u00b7legals\" class=\"read-more\" href=\"https:\/\/elcafedepipa.com\/index.php\/2025\/07\/14\/lajuntament-de-la-vall-duixo-posa-en-marxa-dues-cameres-mobils-contra-els-abocaments-illegals\/\" aria-label=\"M\u00e9s informaci\u00f3 sobre L&#8217;Ajuntament de la Vall d&#8217;Uix\u00f3 posa en marxa dues c\u00e0meres m\u00f2bils contra els abocaments il\u00b7legals\">Read more<\/a><\/p>\n","protected":false},"author":2,"featured_media":15586,"comment_status":"closed","ping_status":"closed","sticky":false,"template":"","format":"standard","meta":{"om_disable_all_campaigns":false,"_monsterinsights_skip_tracking":false,"_monsterinsights_sitenote_active":false,"_monsterinsights_sitenote_note":"","_monsterinsights_sitenote_category":0,"_uf_show_specific_survey":0,"_uf_disable_surveys":false,"footnotes":""},"categories":[1],"tags":[],"class_list":["post-15585","post","type-post","status-publish","format-standard","has-post-thumbnail","hentry","category-non-classe"],"_links":{"self":[{"href":"https:\/\/elcafedepipa.com\/index.php\/wp-json\/wp\/v2\/posts\/15585","targetHints":{"allow":["GET"]}}],"collection":[{"href":"https:\/\/elcafedepipa.com\/index.php\/wp-json\/wp\/v2\/posts"}],"about":[{"href":"https:\/\/elcafedepipa.com\/index.php\/wp-json\/wp\/v2\/types\/post"}],"author":[{"embeddable":true,"href":"https:\/\/elcafedepipa.com\/index.php\/wp-json\/wp\/v2\/users\/2"}],"replies":[{"embeddable":true,"href":"https:\/\/elcafedepipa.com\/index.php\/wp-json\/wp\/v2\/comments?post=15585"}],"version-history":[{"count":1,"href":"https:\/\/elcafedepipa.com\/index.php\/wp-json\/wp\/v2\/posts\/15585\/revisions"}],"predecessor-version":[{"id":15587,"href":"https:\/\/elcafedepipa.com\/index.php\/wp-json\/wp\/v2\/posts\/15585\/revisions\/15587"}],"wp:featuredmedia":[{"embeddable":true,"href":"https:\/\/elcafedepipa.com\/index.php\/wp-json\/wp\/v2\/media\/15586"}],"wp:attachment":[{"href":"https:\/\/elcafedepipa.com\/index.php\/wp-json\/wp\/v2\/media?parent=15585"}],"wp:term":[{"taxonomy":"category","embeddable":true,"href":"https:\/\/elcafedepipa.com\/index.php\/wp-json\/wp\/v2\/categories?post=15585"},{"taxonomy":"post_tag","embeddable":true,"href":"https:\/\/elcafedepipa.com\/index.php\/wp-json\/wp\/v2\/tags?post=15585"}],"curies":[{"name":"wp","href":"https:\/\/api.w.org\/{rel}","templated":true}]}}