{"id":15578,"date":"2025-07-11T14:41:11","date_gmt":"2025-07-11T12:41:11","guid":{"rendered":"https:\/\/elcafedepipa.com\/?p=15578"},"modified":"2025-07-11T14:41:12","modified_gmt":"2025-07-11T12:41:12","slug":"el-pspv-denuncia-la-inaccio-de-la-diputacio-davant-laugment-descontrolat-de-plagues-que-ofereix-una-imatge-nefasta-de-castello-en-ple-pic-turistic","status":"publish","type":"post","link":"https:\/\/elcafedepipa.com\/index.php\/2025\/07\/11\/el-pspv-denuncia-la-inaccio-de-la-diputacio-davant-laugment-descontrolat-de-plagues-que-ofereix-una-imatge-nefasta-de-castello-en-ple-pic-turistic\/","title":{"rendered":"El PSPV denuncia la inacci\u00f3 de la Diputaci\u00f3 davant l\u2019augment \u201cdescontrolat\u201d de plagues que ofereix una \u201cimatge nefasta\u201d de Castell\u00f3 en ple pic tur\u00edstic"},"content":{"rendered":"\n<p><strong>La diputada, Maria Jim\u00e9nez, exigeix un pla urgent per combatre la proliferaci\u00f3 de mosquits, paneroles, xinxes i altres insectes en entorns urbans<\/strong><br><strong><br><\/strong>El grup provincial del PSPV-PSOE a la Diputaci\u00f3 de Castell\u00f3 ha lamentat que la inacci\u00f3 del govern provincial de Marta Barrachina davant l\u2019augment \u201cdescontrolat\u201d de plagues que afecta la prov\u00edncia en un moment clau per al turisme. La diputada provincial socialista, Maria Jim\u00e9nez, ha advertit que \u201cla proliferaci\u00f3 de mosquits i altres insectes est\u00e0 oferint una imatge nefasta de Castell\u00f3 just quan m\u00e9s visitants rebem\u201d. \u201cEstan jugant amb la salut dels castellonencs i castellonenques\u201d.<br><br>Jim\u00e9nez ha recordat que \u201cfa setmanes vam alertar des del PSPV de l\u2019increment de la pres\u00e8ncia de mosquits, per\u00f2 des de la Diputaci\u00f3 no han reaccionat\u201d. Segons la diputada, \u201cels experts ja avisen que aquest estiu patirem un augment de plagues als entorns urbans, i per aix\u00f2 exigim a la Diputaci\u00f3 un pla clar i efectiu per tallar de soca-rel la proliferaci\u00f3 de cucs, paneroles, paparres, xinxes i arnes\u201d.<br><br>A m\u00e9s a m\u00e9s, ha destacat que \u201cfa dues setmanes ja vam reclamar un augment de les fumigacions contra els mosquits i, despr\u00e9s de les pluges d\u2019aquest cap de setmana, si no s\u2019actua de manera immediata, els d\u00edpters i altres insectes tornaran a eclosionar amb for\u00e7a\u201d. \u201cNo podem esperar a que les plagues se\u2019ns mengen\u201d.<br><br>Per a Jim\u00e9nez, la manca de tractaments adequats ja s\u2019est\u00e0 traduint en un allau de picades dels mosquits en zones sense tractar, especialment en espais p\u00fablics i tur\u00edstics. \u201cLes fumigacions s\u2019estan fent al ralent\u00ed, no hi ha coordinaci\u00f3 amb els ajuntaments i els tractaments aeris, que tant reclamaven quan estaven a l\u2019oposici\u00f3, brillen per la seua abs\u00e8ncia\u201d.<br><br>Finalment, ha reclamat a la Diputaci\u00f3 que \u201cdeixe d\u2019actuar tard i malament\u201d i que \u201cposen en marxa mesures reals, amb m\u00e9s recursos i amb la implicaci\u00f3 dels municipis, per protegir la salut p\u00fablica i la imatge de la nostra prov\u00edncia en plena temporada tur\u00edstica\u201d.<\/p>\n\n\n\n<p><\/p>\n","protected":false},"excerpt":{"rendered":"<p>La diputada, Maria Jim\u00e9nez, exigeix un pla urgent per combatre la proliferaci\u00f3 de mosquits, paneroles, xinxes i altres insectes en entorns urbansEl grup provincial del PSPV-PSOE a la Diputaci\u00f3 de Castell\u00f3 ha lamentat que la inacci\u00f3 del govern provincial de Marta Barrachina davant l\u2019augment \u201cdescontrolat\u201d de plagues que afecta la prov\u00edncia en un moment clau &#8230; <a title=\"El PSPV denuncia la inacci\u00f3 de la Diputaci\u00f3 davant l\u2019augment \u201cdescontrolat\u201d de plagues que ofereix una \u201cimatge nefasta\u201d de Castell\u00f3 en ple pic tur\u00edstic\" class=\"read-more\" href=\"https:\/\/elcafedepipa.com\/index.php\/2025\/07\/11\/el-pspv-denuncia-la-inaccio-de-la-diputacio-davant-laugment-descontrolat-de-plagues-que-ofereix-una-imatge-nefasta-de-castello-en-ple-pic-turistic\/\" aria-label=\"M\u00e9s informaci\u00f3 sobre El PSPV denuncia la inacci\u00f3 de la Diputaci\u00f3 davant l\u2019augment \u201cdescontrolat\u201d de plagues que ofereix una \u201cimatge nefasta\u201d de Castell\u00f3 en ple pic tur\u00edstic\">Read more<\/a><\/p>\n","protected":false},"author":2,"featured_media":15579,"comment_status":"closed","ping_status":"closed","sticky":false,"template":"","format":"standard","meta":{"om_disable_all_campaigns":false,"_monsterinsights_skip_tracking":false,"_monsterinsights_sitenote_active":false,"_monsterinsights_sitenote_note":"","_monsterinsights_sitenote_category":0,"_uf_show_specific_survey":0,"_uf_disable_surveys":false,"footnotes":""},"categories":[10],"tags":[],"class_list":["post-15578","post","type-post","status-publish","format-standard","has-post-thumbnail","hentry","category-provinciadecastello"],"_links":{"self":[{"href":"https:\/\/elcafedepipa.com\/index.php\/wp-json\/wp\/v2\/posts\/15578","targetHints":{"allow":["GET"]}}],"collection":[{"href":"https:\/\/elcafedepipa.com\/index.php\/wp-json\/wp\/v2\/posts"}],"about":[{"href":"https:\/\/elcafedepipa.com\/index.php\/wp-json\/wp\/v2\/types\/post"}],"author":[{"embeddable":true,"href":"https:\/\/elcafedepipa.com\/index.php\/wp-json\/wp\/v2\/users\/2"}],"replies":[{"embeddable":true,"href":"https:\/\/elcafedepipa.com\/index.php\/wp-json\/wp\/v2\/comments?post=15578"}],"version-history":[{"count":1,"href":"https:\/\/elcafedepipa.com\/index.php\/wp-json\/wp\/v2\/posts\/15578\/revisions"}],"predecessor-version":[{"id":15580,"href":"https:\/\/elcafedepipa.com\/index.php\/wp-json\/wp\/v2\/posts\/15578\/revisions\/15580"}],"wp:featuredmedia":[{"embeddable":true,"href":"https:\/\/elcafedepipa.com\/index.php\/wp-json\/wp\/v2\/media\/15579"}],"wp:attachment":[{"href":"https:\/\/elcafedepipa.com\/index.php\/wp-json\/wp\/v2\/media?parent=15578"}],"wp:term":[{"taxonomy":"category","embeddable":true,"href":"https:\/\/elcafedepipa.com\/index.php\/wp-json\/wp\/v2\/categories?post=15578"},{"taxonomy":"post_tag","embeddable":true,"href":"https:\/\/elcafedepipa.com\/index.php\/wp-json\/wp\/v2\/tags?post=15578"}],"curies":[{"name":"wp","href":"https:\/\/api.w.org\/{rel}","templated":true}]}}