{"id":15574,"date":"2025-07-11T14:39:02","date_gmt":"2025-07-11T12:39:02","guid":{"rendered":"https:\/\/elcafedepipa.com\/?p=15574"},"modified":"2025-07-11T14:39:03","modified_gmt":"2025-07-11T12:39:03","slug":"nules-collabora-en-la-inclusio-de-les-persones-usuaries-del-centre-dacollida-de-menors-plana-baixa-al-municipi","status":"publish","type":"post","link":"https:\/\/elcafedepipa.com\/index.php\/2025\/07\/11\/nules-collabora-en-la-inclusio-de-les-persones-usuaries-del-centre-dacollida-de-menors-plana-baixa-al-municipi\/","title":{"rendered":"Nules col\u00b7labora en la inclusi\u00f3 de les persones usu\u00e0ries del Centre d&#8217;Acollida de Menors Plana Baixa al municipi"},"content":{"rendered":"\n<p><strong>La Directora Territorial de la Conselleria de Serveis Socials visita la localitat<\/strong><\/p>\n\n\n\n<p>L\u2019Ajuntament de Nules i la Direcci\u00f3 Territorial de Serveis Socials de la Generalitat Valenciana han arribat hui a un acord per a col\u00b7laborar en la integraci\u00f3 de les persones usu\u00e0ries del Centre d\u2019Acollida Plana Baixa al municipi.<\/p>\n\n\n\n<p>Aix\u00ed, l\u2019Alcalde de Nules, David Garc\u00eda, i el regidor de Serveis Socials, Ram\u00f3n Mart\u00ednez, s\u2019han reunit amb la Directora Territorial de la Conselleria de Serveis Socials, M. Jos\u00e9 Arquimbau, per a tractar diferents l\u00ednies de col\u00b7laboraci\u00f3.<\/p>\n\n\n\n<p>En aquest sentit, des del consistori es facilitar\u00e0 la seua participaci\u00f3 i assist\u00e8ncia a diferents esdeveniments, actes, o actuacions de car\u00e0cter cultural, esportiu, o juvenil, entre d\u2019altres, de manera que el regidor Ram\u00f3n Mart\u00ednez explica que \u201cla idea \u00e9s que el temps que aquests joves estiguen residint en aquest centre ubicat a Nules formen part del ve\u00efnat i s\u2019integren a la societat local participant en les diferents programacions que organitza l\u2019ajuntament\u201d.&nbsp;<\/p>\n\n\n\n<p>Per tant, des de la regidoria de Serveis Socials es dona suport a aquesta iniciativa&nbsp; que forma part d\u2019una l\u00ednia de col\u00b7laboraci\u00f3 entre les institucions local i auton\u00f2mica.<\/p>\n\n\n\n<p>Aix\u00ed mateix, la Directora Territorial de Serveis Socials i el regidor de Serveis Socials han aprofitat la jornada per a visitar les obres que s\u2019estan portant a terme al Centre d\u2019Acollida de Menors Plana Baixa.<\/p>\n","protected":false},"excerpt":{"rendered":"<p>La Directora Territorial de la Conselleria de Serveis Socials visita la localitat L\u2019Ajuntament de Nules i la Direcci\u00f3 Territorial de Serveis Socials de la Generalitat Valenciana han arribat hui a un acord per a col\u00b7laborar en la integraci\u00f3 de les persones usu\u00e0ries del Centre d\u2019Acollida Plana Baixa al municipi. Aix\u00ed, l\u2019Alcalde de Nules, David Garc\u00eda, &#8230; <a title=\"Nules col\u00b7labora en la inclusi\u00f3 de les persones usu\u00e0ries del Centre d&#8217;Acollida de Menors Plana Baixa al municipi\" class=\"read-more\" href=\"https:\/\/elcafedepipa.com\/index.php\/2025\/07\/11\/nules-collabora-en-la-inclusio-de-les-persones-usuaries-del-centre-dacollida-de-menors-plana-baixa-al-municipi\/\" aria-label=\"M\u00e9s informaci\u00f3 sobre Nules col\u00b7labora en la inclusi\u00f3 de les persones usu\u00e0ries del Centre d&#8217;Acollida de Menors Plana Baixa al municipi\">Read more<\/a><\/p>\n","protected":false},"author":2,"featured_media":15576,"comment_status":"closed","ping_status":"closed","sticky":false,"template":"","format":"standard","meta":{"om_disable_all_campaigns":false,"_monsterinsights_skip_tracking":false,"_monsterinsights_sitenote_active":false,"_monsterinsights_sitenote_note":"","_monsterinsights_sitenote_category":0,"_uf_show_specific_survey":0,"_uf_disable_surveys":false,"footnotes":""},"categories":[3],"tags":[],"class_list":["post-15574","post","type-post","status-publish","format-standard","has-post-thumbnail","hentry","category-nules"],"_links":{"self":[{"href":"https:\/\/elcafedepipa.com\/index.php\/wp-json\/wp\/v2\/posts\/15574","targetHints":{"allow":["GET"]}}],"collection":[{"href":"https:\/\/elcafedepipa.com\/index.php\/wp-json\/wp\/v2\/posts"}],"about":[{"href":"https:\/\/elcafedepipa.com\/index.php\/wp-json\/wp\/v2\/types\/post"}],"author":[{"embeddable":true,"href":"https:\/\/elcafedepipa.com\/index.php\/wp-json\/wp\/v2\/users\/2"}],"replies":[{"embeddable":true,"href":"https:\/\/elcafedepipa.com\/index.php\/wp-json\/wp\/v2\/comments?post=15574"}],"version-history":[{"count":1,"href":"https:\/\/elcafedepipa.com\/index.php\/wp-json\/wp\/v2\/posts\/15574\/revisions"}],"predecessor-version":[{"id":15577,"href":"https:\/\/elcafedepipa.com\/index.php\/wp-json\/wp\/v2\/posts\/15574\/revisions\/15577"}],"wp:featuredmedia":[{"embeddable":true,"href":"https:\/\/elcafedepipa.com\/index.php\/wp-json\/wp\/v2\/media\/15576"}],"wp:attachment":[{"href":"https:\/\/elcafedepipa.com\/index.php\/wp-json\/wp\/v2\/media?parent=15574"}],"wp:term":[{"taxonomy":"category","embeddable":true,"href":"https:\/\/elcafedepipa.com\/index.php\/wp-json\/wp\/v2\/categories?post=15574"},{"taxonomy":"post_tag","embeddable":true,"href":"https:\/\/elcafedepipa.com\/index.php\/wp-json\/wp\/v2\/tags?post=15574"}],"curies":[{"name":"wp","href":"https:\/\/api.w.org\/{rel}","templated":true}]}}