{"id":15564,"date":"2025-07-11T14:12:23","date_gmt":"2025-07-11T12:12:23","guid":{"rendered":"https:\/\/elcafedepipa.com\/?p=15564"},"modified":"2025-07-11T14:12:24","modified_gmt":"2025-07-11T12:12:24","slug":"la-diputacio-de-castello-dinamitza-lactivitat-cultural-en-el-conjunt-de-la-provincia-amb-mes-de-370-activitats-durant-lestiu","status":"publish","type":"post","link":"https:\/\/elcafedepipa.com\/index.php\/2025\/07\/11\/la-diputacio-de-castello-dinamitza-lactivitat-cultural-en-el-conjunt-de-la-provincia-amb-mes-de-370-activitats-durant-lestiu\/","title":{"rendered":"La Diputaci\u00f3 de Castell\u00f3 dinamitza l&#8217;activitat cultural en el conjunt de la prov\u00edncia amb m\u00e9s de 370 activitats durant l&#8217;estiu"},"content":{"rendered":"\n<p>La instituci\u00f3 provincial ha organitzat una completa programaci\u00f3 d&#8217;activitats culturals, assegurant aix\u00ed que tots els castellonencs tinguen l&#8217;oportunitat de gaudir d&#8217;una oferta cultural de qualitat i variada, pensada per a p\u00fablics de totes les edats. \u201cEl nostre objectiu \u00e9s que els ve\u00efns i visitants puguen gaudir de la cultura durant tot l&#8217;estiu i \u00e9s un orgull que la prov\u00edncia siga coneguda per la seua completa oferta, d&#8217;una gran qualitat i fer-ho en els nostres 135 municipis\u201d.<\/p>\n\n\n\n<p>Aix\u00ed ho ha ressaltat la presidenta de la Diputaci\u00f3 de Castell\u00f3, Marta Barrachina, qui ha posat de manifest el comprom\u00eds del Govern Provincial amb la cultura \u201ccom a ferramenta clau de desenvolupament i progr\u00e9s de la nostra prov\u00edncia\u201d. \u201cLa cultura \u00e9s un dels pilars fonamentals del desenvolupament dels nostres pobles i el nostre desig \u00e9s que tots tinguen l&#8217;oportunitat de gaudir d&#8217;una oferta de qualitat\u201d, ha afegit la dirigent provincial.<\/p>\n\n\n\n<p>Per aix\u00f2, amb la finalitat d&#8217;afavorir el progr\u00e9s social i cultural de tot el territori castellonenc, la Diputaci\u00f3 de Castell\u00f3 duu a terme actuacions a trav\u00e9s de programes i serveis de coordinaci\u00f3 amb els 135 municipis de la prov\u00edncia. \u201cTreballem perqu\u00e8 la cultura siga present en els 135 municipis de la nostra terra els 365 dies de l&#8217;any\u201d, ha assenyalat la dirigent provincial.<\/p>\n\n\n\n<p>En este sentit, la presidenta Marta Barrachina ha manifestat que \u201ccada una de les activitats programades contribu\u00efx de manera significativa a l&#8217;enriquiment cultural del conjunt de la prov\u00edncia\u201d.<\/p>\n\n\n\n<p>Per part seua, el diputat responsable de l&#8217;\u00e0rea de Cultura, Alejandro Clausell, ha assenyalat que \u201cles activitats culturals ajuden, sens dubte, a combatre el despoblament i permeten unir programacions s\u00f2lides que traslladen el teatre, la m\u00fasica, la p\u00f3lvora o l&#8217;art a tots els racons de la prov\u00edncia\u201d.<\/p>\n\n\n\n<p>Aix\u00ed, les activitats culturals que es desenvoluparan durant estos mesos estivals per les comarques castellonenques s\u00f3n molt variades i inclouen des d&#8217;espectacles culturals, realitzats per professionals com a teatre, dansa, m\u00fasica, circ i tallers, en col\u00b7laboraci\u00f3 amb els seus ajuntaments a trav\u00e9s de Diputaci\u00f3 a Escena, un projecte de foment de les arts esc\u00e8niques, que perseguix estimular i impulsar el teixit empresarial amb la contractaci\u00f3 d&#8217;espectacles de teatre, dansa, circ, m\u00fasica i narrativa.<\/p>\n\n\n\n<p>Les Trobades de Bandes, el Festival de M\u00fasica Antiga i Barroca, concerts al Castell de Pen\u00edscola, Llumin\u00e0ries o el Dol\u00e7 Festival s\u00f3n alguns dels cicles destacats en el pla musical i que s&#8217;unixen al conjunt d&#8217;activitats entre les quals s&#8217;inclouen espectacles pirot\u00e8cnics, tancaments infantils, aix\u00ed com el cinema d&#8217;estiu, activitat dirigida a municipis amb poblaci\u00f3 inferior a 300 habitants, i els parc infantils, per a aquells pobles de menys de 5.000 habitants.<\/p>\n\n\n\n<p>D&#8217;esta manera, Alejandro Clausell ha valorat \u201cmolt positivament\u201d tant la programaci\u00f3 cultural, com la resposta dels ajuntaments, un any m\u00e9s, \u201cper a portar a les seues localitats activitats de gran import\u00e0ncia cultural, sent algunes d&#8217;elles ja una tradici\u00f3 per a les seues gents i que aconseguixen reunir cada edici\u00f3 a centenars de persones\u201d, ha indicat el responsable de Cultura.<\/p>\n\n\n\n<p>\u201cConvidem als nostres ve\u00efns i visitants a gaudir d&#8217;esta oferta cultural, omplir els espais p\u00fablics dels nostres municipis i a fer de la cultura un punt de trobada i gaudi col\u00b7lectiu. Viu l\u2019estiu amb la Diputaci\u00f3\u201d, ha concl\u00f2s la presidenta Marta Barrachina.<\/p>\n","protected":false},"excerpt":{"rendered":"<p>La instituci\u00f3 provincial ha organitzat una completa programaci\u00f3 d&#8217;activitats culturals, assegurant aix\u00ed que tots els castellonencs tinguen l&#8217;oportunitat de gaudir d&#8217;una oferta cultural de qualitat i variada, pensada per a p\u00fablics de totes les edats. \u201cEl nostre objectiu \u00e9s que els ve\u00efns i visitants puguen gaudir de la cultura durant tot l&#8217;estiu i \u00e9s un &#8230; <a title=\"La Diputaci\u00f3 de Castell\u00f3 dinamitza l&#8217;activitat cultural en el conjunt de la prov\u00edncia amb m\u00e9s de 370 activitats durant l&#8217;estiu\" class=\"read-more\" href=\"https:\/\/elcafedepipa.com\/index.php\/2025\/07\/11\/la-diputacio-de-castello-dinamitza-lactivitat-cultural-en-el-conjunt-de-la-provincia-amb-mes-de-370-activitats-durant-lestiu\/\" aria-label=\"M\u00e9s informaci\u00f3 sobre La Diputaci\u00f3 de Castell\u00f3 dinamitza l&#8217;activitat cultural en el conjunt de la prov\u00edncia amb m\u00e9s de 370 activitats durant l&#8217;estiu\">Read more<\/a><\/p>\n","protected":false},"author":2,"featured_media":15565,"comment_status":"closed","ping_status":"closed","sticky":false,"template":"","format":"standard","meta":{"om_disable_all_campaigns":false,"_monsterinsights_skip_tracking":false,"_monsterinsights_sitenote_active":false,"_monsterinsights_sitenote_note":"","_monsterinsights_sitenote_category":0,"_uf_show_specific_survey":0,"_uf_disable_surveys":false,"footnotes":""},"categories":[10],"tags":[],"class_list":["post-15564","post","type-post","status-publish","format-standard","has-post-thumbnail","hentry","category-provinciadecastello"],"_links":{"self":[{"href":"https:\/\/elcafedepipa.com\/index.php\/wp-json\/wp\/v2\/posts\/15564","targetHints":{"allow":["GET"]}}],"collection":[{"href":"https:\/\/elcafedepipa.com\/index.php\/wp-json\/wp\/v2\/posts"}],"about":[{"href":"https:\/\/elcafedepipa.com\/index.php\/wp-json\/wp\/v2\/types\/post"}],"author":[{"embeddable":true,"href":"https:\/\/elcafedepipa.com\/index.php\/wp-json\/wp\/v2\/users\/2"}],"replies":[{"embeddable":true,"href":"https:\/\/elcafedepipa.com\/index.php\/wp-json\/wp\/v2\/comments?post=15564"}],"version-history":[{"count":1,"href":"https:\/\/elcafedepipa.com\/index.php\/wp-json\/wp\/v2\/posts\/15564\/revisions"}],"predecessor-version":[{"id":15566,"href":"https:\/\/elcafedepipa.com\/index.php\/wp-json\/wp\/v2\/posts\/15564\/revisions\/15566"}],"wp:featuredmedia":[{"embeddable":true,"href":"https:\/\/elcafedepipa.com\/index.php\/wp-json\/wp\/v2\/media\/15565"}],"wp:attachment":[{"href":"https:\/\/elcafedepipa.com\/index.php\/wp-json\/wp\/v2\/media?parent=15564"}],"wp:term":[{"taxonomy":"category","embeddable":true,"href":"https:\/\/elcafedepipa.com\/index.php\/wp-json\/wp\/v2\/categories?post=15564"},{"taxonomy":"post_tag","embeddable":true,"href":"https:\/\/elcafedepipa.com\/index.php\/wp-json\/wp\/v2\/tags?post=15564"}],"curies":[{"name":"wp","href":"https:\/\/api.w.org\/{rel}","templated":true}]}}