{"id":15547,"date":"2025-07-11T14:00:17","date_gmt":"2025-07-11T12:00:17","guid":{"rendered":"https:\/\/elcafedepipa.com\/?p=15547"},"modified":"2025-07-11T14:00:17","modified_gmt":"2025-07-11T12:00:17","slug":"joves-socialistes-de-la-vall-duixo-denuncia-leliminacio-de-la-gratuitat-del-transport-public-per-a-joves","status":"publish","type":"post","link":"https:\/\/elcafedepipa.com\/index.php\/2025\/07\/11\/joves-socialistes-de-la-vall-duixo-denuncia-leliminacio-de-la-gratuitat-del-transport-public-per-a-joves\/","title":{"rendered":"Joves Socialistes de la Vall d\u2019Uix\u00f3 denuncia l\u2019eliminaci\u00f3 de la gratu\u00eftat del transport p\u00fablic per a joves"},"content":{"rendered":"\n<p><strong>Les ajudes depenien de la Generalitat Valenciana i Maz\u00f3n i el PP les han retallat \u201cper perdonar impostos als rics\u201d<\/strong><\/p>\n\n\n\n<p>Joves Socialistes de la Vall d\u2019Uix\u00f3 ha denunciat l\u2019eliminaci\u00f3 de la gratu\u00eftat del transport p\u00fablic per a joves de 14 a 30 anys que depenia de la Generalitat Valenciana. Des de l&#8217;1 de juliol \u201chan de pagar perqu\u00e8 Maz\u00f3n i el PP perdonen impostos als rics ia les grans fortunes i retallen els joves\u201d, ha lamentat el secretari general, Ximo Zorrilla.<\/p>\n\n\n\n<p>Aquest ajut \u201cno era un caprici, sin\u00f3 molt necessari\u201d ja que s&#8217;estima que cada jove \u201cpagar\u00e0 200 euros m\u00e9s a l&#8217;any per culpa de Maz\u00f3n i les pol\u00edtiques del PP\u201d. Aix\u00ed, ha demanat al portaveu del PP a la Vall d&#8217;Uix\u00f3, Herminio Serra, que &#8220;treballi per la nostra ciutat&#8221; i que &#8220;millori el servei d&#8217;autob\u00fas i recuperi la gratu\u00eftat per als joves&#8221;.<\/p>\n\n\n\n<p>Zorrilla tamb\u00e9 s&#8217;ha fet ress\u00f2 de les queixes pel servei d&#8217;autob\u00fas a les platges de Xilxes i Moncofa, que gestiona la Generalitat Valenciana, que &#8220;ha comen\u00e7at tard, l&#8217;1 de juliol&#8221; i &#8220;no s&#8217;est\u00e0 prestant en condicions perqu\u00e8 hi ha persones que no poden pujar perqu\u00e8 van plens, els horaris no es compleixen i hi ha parades que no es fan&#8221;.<\/p>\n\n\n\n<p>La gravetat de la situaci\u00f3 \u00e9s tan gran que \u201cel dia de les pluges, a Moncofa es va fer creuar els usuaris per solars plens de fang i hi ha persones que van caure i fins i tot una es va fer un esquin\u00e7 de segon grau\u201d. Per aix\u00f2 ha demanat a les persones afectades per aquest mal funcionament del servei a \u201cpresentar les queixes a la Generalitat Valenciana\u201d i que les que arriben a l&#8217;Ajuntament \u201ces traslladen a la Conselleria perqu\u00e8 hi posi solucions\u201d.<\/p>\n\n\n\n<p>Per finalitzar, el secretari general de JSPV ha assenyalat que Maz\u00f3n i el PP \u201cperjudiquen la joventut amb les retallades en educaci\u00f3 p\u00fablica i en programes de formaci\u00f3 i ocupaci\u00f3, amb les pol\u00edtiques d&#8217;habitatge i ara tamb\u00e9 amb el transport p\u00fablic\u201d. Per aix\u00f2, a les eleccions auton\u00f2miques \u201ccal votar Diana Morant (PSPV-PSOE) perqu\u00e8 torni la dignitat i la dec\u00e8ncia a la Generalitat Valenciana i que es recuperin les pol\u00edtiques de joventut\u201d.<br><\/p>\n","protected":false},"excerpt":{"rendered":"<p>Les ajudes depenien de la Generalitat Valenciana i Maz\u00f3n i el PP les han retallat \u201cper perdonar impostos als rics\u201d Joves Socialistes de la Vall d\u2019Uix\u00f3 ha denunciat l\u2019eliminaci\u00f3 de la gratu\u00eftat del transport p\u00fablic per a joves de 14 a 30 anys que depenia de la Generalitat Valenciana. Des de l&#8217;1 de juliol \u201chan &#8230; <a title=\"Joves Socialistes de la Vall d\u2019Uix\u00f3 denuncia l\u2019eliminaci\u00f3 de la gratu\u00eftat del transport p\u00fablic per a joves\" class=\"read-more\" href=\"https:\/\/elcafedepipa.com\/index.php\/2025\/07\/11\/joves-socialistes-de-la-vall-duixo-denuncia-leliminacio-de-la-gratuitat-del-transport-public-per-a-joves\/\" aria-label=\"M\u00e9s informaci\u00f3 sobre Joves Socialistes de la Vall d\u2019Uix\u00f3 denuncia l\u2019eliminaci\u00f3 de la gratu\u00eftat del transport p\u00fablic per a joves\">Read more<\/a><\/p>\n","protected":false},"author":2,"featured_media":15548,"comment_status":"closed","ping_status":"closed","sticky":false,"template":"","format":"standard","meta":{"om_disable_all_campaigns":false,"_monsterinsights_skip_tracking":false,"_monsterinsights_sitenote_active":false,"_monsterinsights_sitenote_note":"","_monsterinsights_sitenote_category":0,"_uf_show_specific_survey":0,"_uf_disable_surveys":false,"footnotes":""},"categories":[1],"tags":[],"class_list":["post-15547","post","type-post","status-publish","format-standard","has-post-thumbnail","hentry","category-non-classe"],"_links":{"self":[{"href":"https:\/\/elcafedepipa.com\/index.php\/wp-json\/wp\/v2\/posts\/15547","targetHints":{"allow":["GET"]}}],"collection":[{"href":"https:\/\/elcafedepipa.com\/index.php\/wp-json\/wp\/v2\/posts"}],"about":[{"href":"https:\/\/elcafedepipa.com\/index.php\/wp-json\/wp\/v2\/types\/post"}],"author":[{"embeddable":true,"href":"https:\/\/elcafedepipa.com\/index.php\/wp-json\/wp\/v2\/users\/2"}],"replies":[{"embeddable":true,"href":"https:\/\/elcafedepipa.com\/index.php\/wp-json\/wp\/v2\/comments?post=15547"}],"version-history":[{"count":2,"href":"https:\/\/elcafedepipa.com\/index.php\/wp-json\/wp\/v2\/posts\/15547\/revisions"}],"predecessor-version":[{"id":15550,"href":"https:\/\/elcafedepipa.com\/index.php\/wp-json\/wp\/v2\/posts\/15547\/revisions\/15550"}],"wp:featuredmedia":[{"embeddable":true,"href":"https:\/\/elcafedepipa.com\/index.php\/wp-json\/wp\/v2\/media\/15548"}],"wp:attachment":[{"href":"https:\/\/elcafedepipa.com\/index.php\/wp-json\/wp\/v2\/media?parent=15547"}],"wp:term":[{"taxonomy":"category","embeddable":true,"href":"https:\/\/elcafedepipa.com\/index.php\/wp-json\/wp\/v2\/categories?post=15547"},{"taxonomy":"post_tag","embeddable":true,"href":"https:\/\/elcafedepipa.com\/index.php\/wp-json\/wp\/v2\/tags?post=15547"}],"curies":[{"name":"wp","href":"https:\/\/api.w.org\/{rel}","templated":true}]}}