{"id":15540,"date":"2025-07-10T17:40:01","date_gmt":"2025-07-10T15:40:01","guid":{"rendered":"https:\/\/elcafedepipa.com\/?p=15540"},"modified":"2025-07-10T17:40:01","modified_gmt":"2025-07-10T15:40:01","slug":"la-ude-llanca-la-campanya-dabonaments-amb-el-lema-mes-ude-que-mai","status":"publish","type":"post","link":"https:\/\/elcafedepipa.com\/index.php\/2025\/07\/10\/la-ude-llanca-la-campanya-dabonaments-amb-el-lema-mes-ude-que-mai\/","title":{"rendered":"La UDE llan\u00e7a la campanya d&#8217;abonaments amb el lema &#8220;M\u00e9s UDE que mai&#8221;."},"content":{"rendered":"\n<p>La sala de trofeus del vell Estadi Segarra ha estat el marc on este mat\u00ed s&#8217;ha presentat la campanya de renovaci\u00f3 i captaci\u00f3 de nous socis per a la nova temporada de la Uni\u00f3 Esportiva Vall d&#8217;Ux\u00f3 on per segona temporada consecutiva competir\u00e0 a Tercera RFEF.<\/p>\n\n\n\n<p>El president de la UDE, Ximo Guzm\u00e1n, ha donat a con\u00e8ixer els preus per als abonaments que no han patit variaci\u00f3 respecte a l&#8217;any passat. 70\u20ac pagaran els socis protectors, mentre que 50\u20ac ho faran els socis pensionistes i joves fins als 25 anys. Uns preus molt assequibles per a la categoria.<\/p>\n\n\n\n<p>S&#8217;hi respira il\u00b7lusi\u00f3 i moltes ganes de futbol pel Pol\u00edgon de la Vernitxa i per aix\u00f2 des del club han presentat la campanya de socis sota el lema <strong>M\u00e9s UDE que mai<\/strong> on busquen igual que la temporada passada, sobrepassar la xifra de mil socis. Exactament el curs passat la UDE va \u200b\u200barribar al nombre de 1231 abonats.<\/p>\n\n\n\n<p>Des d&#8217;avui tot aquell aficionat que vulgui ja es pot fer soci de la UDE des de qualsevol lloc de forma telem\u00e0tica ia partir de la setmana que ve s&#8217;activar\u00e0 la venda f\u00edsica a les oficines del club.<\/p>\n\n\n\n<p>L&#8217;entrada a taquilla continuar\u00e0 tenint un cost de 15\u20ac, llevat dels partits que el club determine incrementar o disminuir aquesta quantitat. Com mana la tradici\u00f3, la UDE seguir\u00e0 jugant els seus partits com a local els diumenges per la vesprada.<\/p>\n\n\n\n<p>A m\u00e9s, la UDE llan\u00e7a una campanya de cara al comer\u00e7 ia les empreses locals per tal de captar nous sponsors, oferint diversos tipus de publicitat i col\u00b7laboracions.<\/p>\n\n\n\n<p>Finalment, el president de la UDE, ha destacat el gran esfor\u00e7 que ha realitzat el club per a la seva viabilitat a la categoria i per tornar a confeccionar una plantilla s\u00f2lida que estiga a l&#8217;al\u00e7ada de les exig\u00e8ncies de la Tercera RFEF. Per acabar, Ximo Guzm\u00e1n ha animat tota la societat vallera que se sume a aquest ambici\u00f3s projecte que busca la consolidaci\u00f3 en categoria nacional.<br><\/p>\n\n\n\n<p><\/p>\n","protected":false},"excerpt":{"rendered":"<p>La sala de trofeus del vell Estadi Segarra ha estat el marc on este mat\u00ed s&#8217;ha presentat la campanya de renovaci\u00f3 i captaci\u00f3 de nous socis per a la nova temporada de la Uni\u00f3 Esportiva Vall d&#8217;Ux\u00f3 on per segona temporada consecutiva competir\u00e0 a Tercera RFEF. El president de la UDE, Ximo Guzm\u00e1n, ha donat &#8230; <a title=\"La UDE llan\u00e7a la campanya d&#8217;abonaments amb el lema &#8220;M\u00e9s UDE que mai&#8221;.\" class=\"read-more\" href=\"https:\/\/elcafedepipa.com\/index.php\/2025\/07\/10\/la-ude-llanca-la-campanya-dabonaments-amb-el-lema-mes-ude-que-mai\/\" aria-label=\"M\u00e9s informaci\u00f3 sobre La UDE llan\u00e7a la campanya d&#8217;abonaments amb el lema &#8220;M\u00e9s UDE que mai&#8221;.\">Read more<\/a><\/p>\n","protected":false},"author":2,"featured_media":15541,"comment_status":"closed","ping_status":"closed","sticky":false,"template":"","format":"standard","meta":{"om_disable_all_campaigns":false,"_monsterinsights_skip_tracking":false,"_monsterinsights_sitenote_active":false,"_monsterinsights_sitenote_note":"","_monsterinsights_sitenote_category":0,"_uf_show_specific_survey":0,"_uf_disable_surveys":false,"footnotes":""},"categories":[1],"tags":[],"class_list":["post-15540","post","type-post","status-publish","format-standard","has-post-thumbnail","hentry","category-non-classe"],"_links":{"self":[{"href":"https:\/\/elcafedepipa.com\/index.php\/wp-json\/wp\/v2\/posts\/15540","targetHints":{"allow":["GET"]}}],"collection":[{"href":"https:\/\/elcafedepipa.com\/index.php\/wp-json\/wp\/v2\/posts"}],"about":[{"href":"https:\/\/elcafedepipa.com\/index.php\/wp-json\/wp\/v2\/types\/post"}],"author":[{"embeddable":true,"href":"https:\/\/elcafedepipa.com\/index.php\/wp-json\/wp\/v2\/users\/2"}],"replies":[{"embeddable":true,"href":"https:\/\/elcafedepipa.com\/index.php\/wp-json\/wp\/v2\/comments?post=15540"}],"version-history":[{"count":1,"href":"https:\/\/elcafedepipa.com\/index.php\/wp-json\/wp\/v2\/posts\/15540\/revisions"}],"predecessor-version":[{"id":15542,"href":"https:\/\/elcafedepipa.com\/index.php\/wp-json\/wp\/v2\/posts\/15540\/revisions\/15542"}],"wp:featuredmedia":[{"embeddable":true,"href":"https:\/\/elcafedepipa.com\/index.php\/wp-json\/wp\/v2\/media\/15541"}],"wp:attachment":[{"href":"https:\/\/elcafedepipa.com\/index.php\/wp-json\/wp\/v2\/media?parent=15540"}],"wp:term":[{"taxonomy":"category","embeddable":true,"href":"https:\/\/elcafedepipa.com\/index.php\/wp-json\/wp\/v2\/categories?post=15540"},{"taxonomy":"post_tag","embeddable":true,"href":"https:\/\/elcafedepipa.com\/index.php\/wp-json\/wp\/v2\/tags?post=15540"}],"curies":[{"name":"wp","href":"https:\/\/api.w.org\/{rel}","templated":true}]}}