{"id":15537,"date":"2025-07-10T17:21:28","date_gmt":"2025-07-10T15:21:28","guid":{"rendered":"https:\/\/elcafedepipa.com\/?p=15537"},"modified":"2025-07-10T17:21:29","modified_gmt":"2025-07-10T15:21:29","slug":"trobats-dos-cossos-sense-vida-a-les-platges-de-moncofa-i-xilxes","status":"publish","type":"post","link":"https:\/\/elcafedepipa.com\/index.php\/2025\/07\/10\/trobats-dos-cossos-sense-vida-a-les-platges-de-moncofa-i-xilxes\/","title":{"rendered":"Trobats dos cossos sense vida a les platges de Moncofa i Xilxes"},"content":{"rendered":"\n<p>Dos cad\u00e0vers en descomposici\u00f3 han aparegut avui a les platges de la Plana Baixa. Un d&#8217;ells al sud de l&#8217;Avinguda Mare Nostrum a Moncofa, a la platja Belcaire i un altre a la del Cerezo, a Xilxes.<\/p>\n\n\n\n<p>Pel que fa al primer, <strong>Wences Al\u00f3s Valls<\/strong>, alcalde de Moncofa confirma que l&#8217;av\u00eds el van donar uns ve\u00efns cap a les 10 del mat\u00ed, alertant sobre la pres\u00e8ncia d&#8217;un cos a la vora del mar i despla\u00e7ant-se els agents de la Policia Local, que van comprovar que era una dona sense cap i en estat sever de descomposici\u00f3. El cos sense vida anava vestit i portava armilla salvavides. Policia local va avisar la Gu\u00e0rdia Civil i l&#8217;al\u00e7ament del cad\u00e0ver es va produir a la 1 del migdia. Pel que fa al cad\u00e0ver de Xilxes, el cos trobat \u00e9s d&#8217;un home i, pel que sembla, comparteix caracter\u00edstiques amb la trobada a Moncofa.<\/p>\n\n\n\n<p>Encara que res no ha transcendit fins el moment, les primeres hip\u00f2tesis assenyalen que podrien ser ocupants d&#8217;alguna embarcaci\u00f3 patera que va naufragar fa uns dies i que el temporal que va fer ahir ahir a les platges del litoral sud de la prov\u00edncia els va acabar traient a la riba<\/p>\n\n\n\n<p><\/p>\n","protected":false},"excerpt":{"rendered":"<p>Dos cad\u00e0vers en descomposici\u00f3 han aparegut avui a les platges de la Plana Baixa. Un d&#8217;ells al sud de l&#8217;Avinguda Mare Nostrum a Moncofa, a la platja Belcaire i un altre a la del Cerezo, a Xilxes. Pel que fa al primer, Wences Al\u00f3s Valls, alcalde de Moncofa confirma que l&#8217;av\u00eds el van donar uns &#8230; <a title=\"Trobats dos cossos sense vida a les platges de Moncofa i Xilxes\" class=\"read-more\" href=\"https:\/\/elcafedepipa.com\/index.php\/2025\/07\/10\/trobats-dos-cossos-sense-vida-a-les-platges-de-moncofa-i-xilxes\/\" aria-label=\"M\u00e9s informaci\u00f3 sobre Trobats dos cossos sense vida a les platges de Moncofa i Xilxes\">Read more<\/a><\/p>\n","protected":false},"author":2,"featured_media":15538,"comment_status":"closed","ping_status":"closed","sticky":false,"template":"","format":"standard","meta":{"om_disable_all_campaigns":false,"_monsterinsights_skip_tracking":false,"_monsterinsights_sitenote_active":false,"_monsterinsights_sitenote_note":"","_monsterinsights_sitenote_category":0,"_uf_show_specific_survey":0,"_uf_disable_surveys":false,"footnotes":""},"categories":[4],"tags":[],"class_list":["post-15537","post","type-post","status-publish","format-standard","has-post-thumbnail","hentry","category-moncofa"],"_links":{"self":[{"href":"https:\/\/elcafedepipa.com\/index.php\/wp-json\/wp\/v2\/posts\/15537","targetHints":{"allow":["GET"]}}],"collection":[{"href":"https:\/\/elcafedepipa.com\/index.php\/wp-json\/wp\/v2\/posts"}],"about":[{"href":"https:\/\/elcafedepipa.com\/index.php\/wp-json\/wp\/v2\/types\/post"}],"author":[{"embeddable":true,"href":"https:\/\/elcafedepipa.com\/index.php\/wp-json\/wp\/v2\/users\/2"}],"replies":[{"embeddable":true,"href":"https:\/\/elcafedepipa.com\/index.php\/wp-json\/wp\/v2\/comments?post=15537"}],"version-history":[{"count":1,"href":"https:\/\/elcafedepipa.com\/index.php\/wp-json\/wp\/v2\/posts\/15537\/revisions"}],"predecessor-version":[{"id":15539,"href":"https:\/\/elcafedepipa.com\/index.php\/wp-json\/wp\/v2\/posts\/15537\/revisions\/15539"}],"wp:featuredmedia":[{"embeddable":true,"href":"https:\/\/elcafedepipa.com\/index.php\/wp-json\/wp\/v2\/media\/15538"}],"wp:attachment":[{"href":"https:\/\/elcafedepipa.com\/index.php\/wp-json\/wp\/v2\/media?parent=15537"}],"wp:term":[{"taxonomy":"category","embeddable":true,"href":"https:\/\/elcafedepipa.com\/index.php\/wp-json\/wp\/v2\/categories?post=15537"},{"taxonomy":"post_tag","embeddable":true,"href":"https:\/\/elcafedepipa.com\/index.php\/wp-json\/wp\/v2\/tags?post=15537"}],"curies":[{"name":"wp","href":"https:\/\/api.w.org\/{rel}","templated":true}]}}