{"id":15534,"date":"2025-07-10T16:49:15","date_gmt":"2025-07-10T14:49:15","guid":{"rendered":"https:\/\/elcafedepipa.com\/?p=15534"},"modified":"2025-07-10T16:49:16","modified_gmt":"2025-07-10T14:49:16","slug":"el-pp-torna-a-exigir-a-lajuntament-de-nules-la-neteja-de-canals-i-sequies-per-a-evitar-inundacions","status":"publish","type":"post","link":"https:\/\/elcafedepipa.com\/index.php\/2025\/07\/10\/el-pp-torna-a-exigir-a-lajuntament-de-nules-la-neteja-de-canals-i-sequies-per-a-evitar-inundacions\/","title":{"rendered":"El PP torna a exigir a l&#8217;Ajuntament de Nules la neteja de canals i s\u00e9quies per a evitar inundacions"},"content":{"rendered":"\n<p>El Grup Municipal del PP ha denunciat la falta de manteniment i la inacci\u00f3 de l&#8217;Ajuntament en la neteja i conservaci\u00f3 de s\u00e9quies i canals que \u201cestan descuidades, igual que embornals que poden acabar provocant inundacions si no hi ha un adequat manteniment\u201d.<\/p>\n\n\n\n<p>Aix\u00ed ho ha assenyalat el portaveu del PP a Nules, Jos\u00e9 Adsuara, qui ha considerat fonamental \u201cla labor de prevenci\u00f3 i manteniment perqu\u00e8 les pluges s&#8217;afronten amb les m\u00e0ximes garanties i el m\u00ednim impacte\u201d. I en estos moments \u201chem vist que molts canals i s\u00e9quies no estan nets, \u00e9s m\u00e9s, la vegetaci\u00f3 creix sense control\u201d.<\/p>\n\n\n\n<p>Una situaci\u00f3 que preocupa el PP de Nules davant la previsi\u00f3 de pluges per a este cap de setmana \u201cperqu\u00e8 la poblaci\u00f3 no est\u00e0 preparada\u201d, ha indicat Adsuara. D&#8217;esta manera, el portaveu del PP ha recordat que des del Partit Popular, \u201chem reiterat de manera constant la necessitat de refor\u00e7ar els sistemes de neteja, sense obtindre resposta, ni acci\u00f3 per part de l&#8217;equip de govern\u201d.<\/p>\n\n\n\n<p>En l&#8217;actualitat, l&#8217;estat d&#8217;aband\u00f3 de les marjals \u201cno \u00e9s el millor aliat en cas de pluges\u201d. Per este motiu, Jos\u00e9 Adsuara proposa a l&#8217;Ajuntament de Nules un pla de neteja de s\u00e9quies i canals, consensuat en els agents implicats, que \u201cevite inundacions en una zona de risc com \u00e9s la nostra\u201d, i, de la mateixa manera, la proliferaci\u00f3 de mosquits, \u201cperqu\u00e8 darrere d&#8217;esta superpoblaci\u00f3 tamb\u00e9 hi ha plagues\u201d.<\/p>\n\n\n\n<p>\u201cTendim la m\u00e0 a l&#8217;Ajuntament per a, entre tots, buscar solucions immediates i eficients. Perqu\u00e8 per damunt de tot estan els interessos i la seguretat dels nostres ve\u00efns\u201d, ha concl\u00f2s el portaveu del grup municipal del PP, Jos\u00e9 Adsuara.<\/p>\n\n\n\n<p><\/p>\n","protected":false},"excerpt":{"rendered":"<p>El Grup Municipal del PP ha denunciat la falta de manteniment i la inacci\u00f3 de l&#8217;Ajuntament en la neteja i conservaci\u00f3 de s\u00e9quies i canals que \u201cestan descuidades, igual que embornals que poden acabar provocant inundacions si no hi ha un adequat manteniment\u201d. Aix\u00ed ho ha assenyalat el portaveu del PP a Nules, Jos\u00e9 Adsuara, &#8230; <a title=\"El PP torna a exigir a l&#8217;Ajuntament de Nules la neteja de canals i s\u00e9quies per a evitar inundacions\" class=\"read-more\" href=\"https:\/\/elcafedepipa.com\/index.php\/2025\/07\/10\/el-pp-torna-a-exigir-a-lajuntament-de-nules-la-neteja-de-canals-i-sequies-per-a-evitar-inundacions\/\" aria-label=\"M\u00e9s informaci\u00f3 sobre El PP torna a exigir a l&#8217;Ajuntament de Nules la neteja de canals i s\u00e9quies per a evitar inundacions\">Read more<\/a><\/p>\n","protected":false},"author":2,"featured_media":15535,"comment_status":"closed","ping_status":"closed","sticky":false,"template":"","format":"standard","meta":{"om_disable_all_campaigns":false,"_monsterinsights_skip_tracking":false,"_monsterinsights_sitenote_active":false,"_monsterinsights_sitenote_note":"","_monsterinsights_sitenote_category":0,"_uf_show_specific_survey":0,"_uf_disable_surveys":false,"footnotes":""},"categories":[3],"tags":[],"class_list":["post-15534","post","type-post","status-publish","format-standard","has-post-thumbnail","hentry","category-nules"],"_links":{"self":[{"href":"https:\/\/elcafedepipa.com\/index.php\/wp-json\/wp\/v2\/posts\/15534","targetHints":{"allow":["GET"]}}],"collection":[{"href":"https:\/\/elcafedepipa.com\/index.php\/wp-json\/wp\/v2\/posts"}],"about":[{"href":"https:\/\/elcafedepipa.com\/index.php\/wp-json\/wp\/v2\/types\/post"}],"author":[{"embeddable":true,"href":"https:\/\/elcafedepipa.com\/index.php\/wp-json\/wp\/v2\/users\/2"}],"replies":[{"embeddable":true,"href":"https:\/\/elcafedepipa.com\/index.php\/wp-json\/wp\/v2\/comments?post=15534"}],"version-history":[{"count":1,"href":"https:\/\/elcafedepipa.com\/index.php\/wp-json\/wp\/v2\/posts\/15534\/revisions"}],"predecessor-version":[{"id":15536,"href":"https:\/\/elcafedepipa.com\/index.php\/wp-json\/wp\/v2\/posts\/15534\/revisions\/15536"}],"wp:featuredmedia":[{"embeddable":true,"href":"https:\/\/elcafedepipa.com\/index.php\/wp-json\/wp\/v2\/media\/15535"}],"wp:attachment":[{"href":"https:\/\/elcafedepipa.com\/index.php\/wp-json\/wp\/v2\/media?parent=15534"}],"wp:term":[{"taxonomy":"category","embeddable":true,"href":"https:\/\/elcafedepipa.com\/index.php\/wp-json\/wp\/v2\/categories?post=15534"},{"taxonomy":"post_tag","embeddable":true,"href":"https:\/\/elcafedepipa.com\/index.php\/wp-json\/wp\/v2\/tags?post=15534"}],"curies":[{"name":"wp","href":"https:\/\/api.w.org\/{rel}","templated":true}]}}