{"id":15531,"date":"2025-07-10T16:46:46","date_gmt":"2025-07-10T14:46:46","guid":{"rendered":"https:\/\/elcafedepipa.com\/?p=15531"},"modified":"2025-07-10T16:46:47","modified_gmt":"2025-07-10T14:46:47","slug":"nules-impulsa-la-millora-del-tanatori-municipal-amb-una-nova-concessio","status":"publish","type":"post","link":"https:\/\/elcafedepipa.com\/index.php\/2025\/07\/10\/nules-impulsa-la-millora-del-tanatori-municipal-amb-una-nova-concessio\/","title":{"rendered":"Nules impulsa la millora del Tanatori municipal amb una nova concessi\u00f3"},"content":{"rendered":"\n<p><strong>L\u2019empresa adjudicat\u00e0ria abonar\u00e0 a l\u2019ajuntament un c\u00e0non anual de 21.276 euros<\/strong><\/p>\n\n\n\n<p>L\u2019Ajuntament de Nules ha adjudicat recentment la nova concessi\u00f3 per a la gesti\u00f3 i explotaci\u00f3 del Tanatori Municipal del Cementeri a l\u2019empresa <em>Tanatorio Les Valls, S.L.<\/em>, despr\u00e9s de resultar guanyadora en el proc\u00e9s de licitaci\u00f3 p\u00fablica. Aquesta concessi\u00f3 no sols garanteix la continu\u00eftat del servei funerari, sin\u00f3 que suposa una important inversi\u00f3 en equipaments, sostenibilitat, modernitzaci\u00f3 i atenci\u00f3 a les persones usu\u00e0ries, que redundar\u00e0 directament al benestar de les fam\u00edlies usu\u00e0ries.<\/p>\n\n\n\n<p>De manera que,la proposta t\u00e8cnica de <em>Tanatorio Les Valls, S.L.<\/em> contempla una renovaci\u00f3 integral del tanatori municipal tant en el pla est\u00e8tic com funcional. Aix\u00ed, entre les principals millores destaquen l\u2019atenci\u00f3 presencial de 9h a 21h tots els dies de l\u2019any i l\u2019atenci\u00f3 telef\u00f2nica 24\/7; la renovaci\u00f3 del mobiliari i revestiments, incorporaci\u00f3 d\u2019il\u00b7luminaci\u00f3 LED i climatitzaci\u00f3 eficient; el manteniment continu, control de plagues i neteja avan\u00e7ada; la digitalitzaci\u00f3 del servei amb esqueles digitals, llibre de condol virtual, WiFi, senyal\u00e8tica digital i streaming de cerim\u00f2nies; l\u2019adaptaci\u00f3 d\u2019espais a la diversitat religiosa i cultural; la millora dels espais exteriors amb zones enjardinades, bancs, il\u00b7luminaci\u00f3 i mobiliari urb\u00e0; o els serveis addicionals com ara floristeria, c\u00e0tering, m\u00e0quines expenedores, televisi\u00f3 de records i atenci\u00f3 accessible.<\/p>\n\n\n\n<p>Amb tot, la inversi\u00f3 total estimada en millores materials, equipament i serveis puja a 36.660,73 euros.<\/p>\n\n\n\n<p><strong>C\u00e0non i benefici per a l\u2019ajuntament<\/strong><\/p>\n\n\n\n<p>L\u2019empresa adjudicat\u00e0ria abonar\u00e0 un c\u00e0nonanual a l\u2019Ajuntament de Nules de 21.276 euros, el que suposa un retorn econ\u00f2mic directe per a les arques municipals i una garantia de sostenibilitat econ\u00f2mica del servei.<\/p>\n\n\n\n<p>El regidor de Cementeris i Tanatoris, Ram\u00f3n Lucas, ha subratllat la import\u00e0ncia d\u2019aquesta inversi\u00f3 per a dignificar una instal\u00b7laci\u00f3 essencial que \u201cacull a les nostres fam\u00edlies en moments delicats. Amb aquesta nova etapa del tanatori, assegurem un servei professional, modern i hum\u00e0 que estar\u00e0 al nivell que Nules mereix\u201d.<\/p>\n\n\n\n<p>Per la seua part, el regidor de Contractaci\u00f3, Adri\u00e1n Sorribes, ha destacat la col\u00b7laboraci\u00f3 efica\u00e7 entre departaments municipals \u201cper traure endavant licitacions que no sols milloren el servei, sin\u00f3 que a m\u00e9s suposen un benefici econ\u00f2mic per al consistori. Aquest tipus d\u2019iniciatives reflecteixen una gesti\u00f3 responsable i enfocada a l\u2019 inter\u00e8s general\u201d.<\/p>\n\n\n\n<p>Amb aquesta adjudicaci\u00f3, l\u2019Ajuntament de Nules dona un pas m\u00e9s en la modernitzaci\u00f3 de les seues infraestructures funer\u00e0ries i posa al centre a les persones usu\u00e0ries, apostant per l\u2019efici\u00e8ncia, el respecte i l\u2019atenci\u00f3 integral en un dels serveis p\u00fablics m\u00e9s sensibles.<\/p>\n","protected":false},"excerpt":{"rendered":"<p>L\u2019empresa adjudicat\u00e0ria abonar\u00e0 a l\u2019ajuntament un c\u00e0non anual de 21.276 euros L\u2019Ajuntament de Nules ha adjudicat recentment la nova concessi\u00f3 per a la gesti\u00f3 i explotaci\u00f3 del Tanatori Municipal del Cementeri a l\u2019empresa Tanatorio Les Valls, S.L., despr\u00e9s de resultar guanyadora en el proc\u00e9s de licitaci\u00f3 p\u00fablica. Aquesta concessi\u00f3 no sols garanteix la continu\u00eftat del &#8230; <a title=\"Nules impulsa la millora del Tanatori municipal amb una nova concessi\u00f3\" class=\"read-more\" href=\"https:\/\/elcafedepipa.com\/index.php\/2025\/07\/10\/nules-impulsa-la-millora-del-tanatori-municipal-amb-una-nova-concessio\/\" aria-label=\"M\u00e9s informaci\u00f3 sobre Nules impulsa la millora del Tanatori municipal amb una nova concessi\u00f3\">Read more<\/a><\/p>\n","protected":false},"author":2,"featured_media":15532,"comment_status":"closed","ping_status":"closed","sticky":false,"template":"","format":"standard","meta":{"om_disable_all_campaigns":false,"_monsterinsights_skip_tracking":false,"_monsterinsights_sitenote_active":false,"_monsterinsights_sitenote_note":"","_monsterinsights_sitenote_category":0,"_uf_show_specific_survey":0,"_uf_disable_surveys":false,"footnotes":""},"categories":[3],"tags":[],"class_list":["post-15531","post","type-post","status-publish","format-standard","has-post-thumbnail","hentry","category-nules"],"_links":{"self":[{"href":"https:\/\/elcafedepipa.com\/index.php\/wp-json\/wp\/v2\/posts\/15531","targetHints":{"allow":["GET"]}}],"collection":[{"href":"https:\/\/elcafedepipa.com\/index.php\/wp-json\/wp\/v2\/posts"}],"about":[{"href":"https:\/\/elcafedepipa.com\/index.php\/wp-json\/wp\/v2\/types\/post"}],"author":[{"embeddable":true,"href":"https:\/\/elcafedepipa.com\/index.php\/wp-json\/wp\/v2\/users\/2"}],"replies":[{"embeddable":true,"href":"https:\/\/elcafedepipa.com\/index.php\/wp-json\/wp\/v2\/comments?post=15531"}],"version-history":[{"count":1,"href":"https:\/\/elcafedepipa.com\/index.php\/wp-json\/wp\/v2\/posts\/15531\/revisions"}],"predecessor-version":[{"id":15533,"href":"https:\/\/elcafedepipa.com\/index.php\/wp-json\/wp\/v2\/posts\/15531\/revisions\/15533"}],"wp:featuredmedia":[{"embeddable":true,"href":"https:\/\/elcafedepipa.com\/index.php\/wp-json\/wp\/v2\/media\/15532"}],"wp:attachment":[{"href":"https:\/\/elcafedepipa.com\/index.php\/wp-json\/wp\/v2\/media?parent=15531"}],"wp:term":[{"taxonomy":"category","embeddable":true,"href":"https:\/\/elcafedepipa.com\/index.php\/wp-json\/wp\/v2\/categories?post=15531"},{"taxonomy":"post_tag","embeddable":true,"href":"https:\/\/elcafedepipa.com\/index.php\/wp-json\/wp\/v2\/tags?post=15531"}],"curies":[{"name":"wp","href":"https:\/\/api.w.org\/{rel}","templated":true}]}}